{"id":32763,"date":"2020-08-11T10:50:10","date_gmt":"2020-08-11T08:50:10","guid":{"rendered":"https:\/\/gruen-gmbh.de\/?p=32763"},"modified":"2020-08-11T10:50:10","modified_gmt":"2020-08-11T08:50:10","slug":"gestalten-sie-wohnwelten-auf-flachdachflaechen-mit-unserem-panorama-st-gelaender","status":"publish","type":"post","link":"https:\/\/www.gruen-gmbh.de\/en\/gestalten-sie-wohnwelten-auf-flachdachflaechen-mit-unserem-panorama-st-gelaender\/","title":{"rendered":"Gestalten Sie Wohnwelten auf Flachdachfl\u00e4chen mit unserem PANORAMA ST Gel\u00e4nder"},"content":{"rendered":"<p>Um dem stetig wachsenden Bedarf an Wohraum insbesondere in den Ballungszentren zu begegnen, werden zuhnemdend nutzbare Flachd\u00e4cher erbaut. Die Nutzung dieses zus\u00e4tzlichen Wohnraumes ohne Fl\u00e4chen-Einbu\u00dfen als exklusive Dachterrassen, l\u00e4sst neue gr\u00fcne R\u00fcckzugsorte entstehen.<\/p>\n<p>Begr\u00fcnung wird als \u00f6kologischer Ausgleich zunehmend forciert und von vielen St\u00e4dten und Gemeinden auch \u00fcber finanzielle Zusch\u00fcsse oder Anreize unterst\u00fctzt.<\/p>\n<p>Die Gestaltung des Flachdaches als begr\u00fcnte Terrasse, als Standort f\u00fcr technische Anlagen oder f\u00fcr die Integration von Flucht- und Rettungswegen f\u00fchrt dazu, dass dort Arbeitspl\u00e4tze f\u00fcr regelm\u00e4\u00dfig notwendige Wartungs-, Reparatur-, Pflege- oder Schneer\u00e4umarbeiten entstehen. Damit einher gehen zus\u00e4tzliche Anforderungen an das Thema Arbeitssicherheit und Absturzsicherung, die von Betreibern gew\u00e4hrleistet werden m\u00fcssen.<\/p>\n<p>Als Wohnwelt gestaltete Flachdachfl\u00e4chen schaffen zus\u00e4tzliche Freir\u00e4ume f\u00fcr die private und \u00f6ffentliche Nutzung.<\/p>","protected":false},"excerpt":{"rendered":"<p>Um dem stetig wachsenden Bedarf an Wohraum insbesondere in den Ballungszentren zu begegnen, werden zuhnemdend nutzbare Flachd\u00e4cher erbaut. Die Nutzung dieses zus\u00e4tzlichen Wohnraumes ohne Fl\u00e4chen-Einbu\u00dfen als exklusive Dachterrassen, l\u00e4sst neue gr\u00fcne R\u00fcckzugsorte entstehen. Begr\u00fcnung wird als \u00f6kologischer Ausgleich zunehmend forciert und von vielen St\u00e4dten und Gemeinden auch \u00fcber finanzielle Zusch\u00fcsse oder Anreize unterst\u00fctzt. Die Gestaltung [&hellip;]<\/p>","protected":false},"author":1,"featured_media":32764,"comment_status":"closed","ping_status":"closed","sticky":false,"template":"","format":"standard","meta":{"footnotes":""},"categories":[149],"tags":[],"class_list":["post-32763","post","type-post","status-publish","format-standard","has-post-thumbnail","hentry","category-absturzsicherung"],"yoast_head":"<!-- This site is optimized with the Yoast SEO plugin v26.3 - https:\/\/yoast.com\/wordpress\/plugins\/seo\/ -->\n<title>Gestalten Sie Wohnwelten auf Flachdachfl\u00e4chen mit unserem PANORAMA ST Gel\u00e4nder - Gr\u00fcn GmbH<\/title>\n<meta name=\"robots\" content=\"index, follow, max-snippet:-1, max-image-preview:large, max-video-preview:-1\" \/>\n<link rel=\"canonical\" href=\"https:\/\/www.gruen-gmbh.de\/en\/gestalten-sie-wohnwelten-auf-flachdachflaechen-mit-unserem-panorama-st-gelaender\/\" \/>\n<meta property=\"og:locale\" content=\"en_US\" \/>\n<meta property=\"og:type\" content=\"article\" \/>\n<meta property=\"og:title\" content=\"Gestalten Sie Wohnwelten auf Flachdachfl\u00e4chen mit unserem PANORAMA ST Gel\u00e4nder - Gr\u00fcn GmbH\" \/>\n<meta property=\"og:description\" content=\"Um dem stetig wachsenden Bedarf an Wohraum insbesondere in den Ballungszentren zu begegnen, werden zuhnemdend nutzbare Flachd\u00e4cher erbaut. Die Nutzung dieses zus\u00e4tzlichen Wohnraumes ohne Fl\u00e4chen-Einbu\u00dfen als exklusive Dachterrassen, l\u00e4sst neue gr\u00fcne R\u00fcckzugsorte entstehen. Begr\u00fcnung wird als \u00f6kologischer Ausgleich zunehmend forciert und von vielen St\u00e4dten und Gemeinden auch \u00fcber finanzielle Zusch\u00fcsse oder Anreize unterst\u00fctzt. Die Gestaltung [&hellip;]\" \/>\n<meta property=\"og:url\" content=\"https:\/\/www.gruen-gmbh.de\/en\/gestalten-sie-wohnwelten-auf-flachdachflaechen-mit-unserem-panorama-st-gelaender\/\" \/>\n<meta property=\"og:site_name\" content=\"Gr\u00fcn GmbH\" \/>\n<meta property=\"article:published_time\" content=\"2020-08-11T08:50:10+00:00\" \/>\n<meta property=\"og:image\" content=\"https:\/\/www.gruen-gmbh.de\/wp-content\/uploads\/2020\/08\/Panorama-selbsttragend_Hotel-am-Remspark_2_bearb.jpg\" \/>\n\t<meta property=\"og:image:width\" content=\"2000\" \/>\n\t<meta property=\"og:image:height\" content=\"1337\" \/>\n\t<meta property=\"og:image:type\" content=\"image\/jpeg\" \/>\n<meta name=\"author\" content=\"admin\" \/>\n<meta name=\"twitter:card\" content=\"summary_large_image\" \/>\n<meta name=\"twitter:label1\" content=\"Written by\" \/>\n\t<meta name=\"twitter:data1\" content=\"admin\" \/>\n\t<meta name=\"twitter:label2\" content=\"Est. reading time\" \/>\n\t<meta name=\"twitter:data2\" content=\"1 minute\" \/>\n<script type=\"application\/ld+json\" class=\"yoast-schema-graph\">{\"@context\":\"https:\/\/schema.org\",\"@graph\":[{\"@type\":\"Article\",\"@id\":\"https:\/\/www.gruen-gmbh.de\/gestalten-sie-wohnwelten-auf-flachdachflaechen-mit-unserem-panorama-st-gelaender\/#article\",\"isPartOf\":{\"@id\":\"https:\/\/www.gruen-gmbh.de\/gestalten-sie-wohnwelten-auf-flachdachflaechen-mit-unserem-panorama-st-gelaender\/\"},\"author\":{\"name\":\"admin\",\"@id\":\"https:\/\/www.gruen-gmbh.de\/en\/#\/schema\/person\/81c32ab546dc94b830590c65741e83be\"},\"headline\":\"Gestalten Sie Wohnwelten auf Flachdachfl\u00e4chen mit unserem PANORAMA ST Gel\u00e4nder\",\"datePublished\":\"2020-08-11T08:50:10+00:00\",\"mainEntityOfPage\":{\"@id\":\"https:\/\/www.gruen-gmbh.de\/gestalten-sie-wohnwelten-auf-flachdachflaechen-mit-unserem-panorama-st-gelaender\/\"},\"wordCount\":155,\"publisher\":{\"@id\":\"https:\/\/www.gruen-gmbh.de\/en\/#organization\"},\"image\":{\"@id\":\"https:\/\/www.gruen-gmbh.de\/gestalten-sie-wohnwelten-auf-flachdachflaechen-mit-unserem-panorama-st-gelaender\/#primaryimage\"},\"thumbnailUrl\":\"https:\/\/www.gruen-gmbh.de\/wp-content\/uploads\/2020\/08\/Panorama-selbsttragend_Hotel-am-Remspark_2_bearb.jpg\",\"articleSection\":[\"Absturzsicherung\"],\"inLanguage\":\"en-US\"},{\"@type\":\"WebPage\",\"@id\":\"https:\/\/www.gruen-gmbh.de\/gestalten-sie-wohnwelten-auf-flachdachflaechen-mit-unserem-panorama-st-gelaender\/\",\"url\":\"https:\/\/www.gruen-gmbh.de\/gestalten-sie-wohnwelten-auf-flachdachflaechen-mit-unserem-panorama-st-gelaender\/\",\"name\":\"Gestalten Sie Wohnwelten auf Flachdachfl\u00e4chen mit unserem PANORAMA ST Gel\u00e4nder - Gr\u00fcn GmbH\",\"isPartOf\":{\"@id\":\"https:\/\/www.gruen-gmbh.de\/en\/#website\"},\"primaryImageOfPage\":{\"@id\":\"https:\/\/www.gruen-gmbh.de\/gestalten-sie-wohnwelten-auf-flachdachflaechen-mit-unserem-panorama-st-gelaender\/#primaryimage\"},\"image\":{\"@id\":\"https:\/\/www.gruen-gmbh.de\/gestalten-sie-wohnwelten-auf-flachdachflaechen-mit-unserem-panorama-st-gelaender\/#primaryimage\"},\"thumbnailUrl\":\"https:\/\/www.gruen-gmbh.de\/wp-content\/uploads\/2020\/08\/Panorama-selbsttragend_Hotel-am-Remspark_2_bearb.jpg\",\"datePublished\":\"2020-08-11T08:50:10+00:00\",\"breadcrumb\":{\"@id\":\"https:\/\/www.gruen-gmbh.de\/gestalten-sie-wohnwelten-auf-flachdachflaechen-mit-unserem-panorama-st-gelaender\/#breadcrumb\"},\"inLanguage\":\"en-US\",\"potentialAction\":[{\"@type\":\"ReadAction\",\"target\":[\"https:\/\/www.gruen-gmbh.de\/gestalten-sie-wohnwelten-auf-flachdachflaechen-mit-unserem-panorama-st-gelaender\/\"]}]},{\"@type\":\"ImageObject\",\"inLanguage\":\"en-US\",\"@id\":\"https:\/\/www.gruen-gmbh.de\/gestalten-sie-wohnwelten-auf-flachdachflaechen-mit-unserem-panorama-st-gelaender\/#primaryimage\",\"url\":\"https:\/\/www.gruen-gmbh.de\/wp-content\/uploads\/2020\/08\/Panorama-selbsttragend_Hotel-am-Remspark_2_bearb.jpg\",\"contentUrl\":\"https:\/\/www.gruen-gmbh.de\/wp-content\/uploads\/2020\/08\/Panorama-selbsttragend_Hotel-am-Remspark_2_bearb.jpg\",\"width\":2000,\"height\":1337},{\"@type\":\"BreadcrumbList\",\"@id\":\"https:\/\/www.gruen-gmbh.de\/gestalten-sie-wohnwelten-auf-flachdachflaechen-mit-unserem-panorama-st-gelaender\/#breadcrumb\",\"itemListElement\":[{\"@type\":\"ListItem\",\"position\":1,\"name\":\"Startseite\",\"item\":\"https:\/\/www.gruen-gmbh.de\/\"},{\"@type\":\"ListItem\",\"position\":2,\"name\":\"Gestalten Sie Wohnwelten auf Flachdachfl\u00e4chen mit unserem PANORAMA ST Gel\u00e4nder\"}]},{\"@type\":\"WebSite\",\"@id\":\"https:\/\/www.gruen-gmbh.de\/en\/#website\",\"url\":\"https:\/\/www.gruen-gmbh.de\/en\/\",\"name\":\"Gr\u00fcn GmbH\",\"description\":\"\",\"publisher\":{\"@id\":\"https:\/\/www.gruen-gmbh.de\/en\/#organization\"},\"potentialAction\":[{\"@type\":\"SearchAction\",\"target\":{\"@type\":\"EntryPoint\",\"urlTemplate\":\"https:\/\/www.gruen-gmbh.de\/en\/?s={search_term_string}\"},\"query-input\":{\"@type\":\"PropertyValueSpecification\",\"valueRequired\":true,\"valueName\":\"search_term_string\"}}],\"inLanguage\":\"en-US\"},{\"@type\":\"Organization\",\"@id\":\"https:\/\/www.gruen-gmbh.de\/en\/#organization\",\"name\":\"Gr\u00fcn GmbH\",\"url\":\"https:\/\/www.gruen-gmbh.de\/en\/\",\"logo\":{\"@type\":\"ImageObject\",\"inLanguage\":\"en-US\",\"@id\":\"https:\/\/www.gruen-gmbh.de\/en\/#\/schema\/logo\/image\/\",\"url\":\"https:\/\/www.gruen-gmbh.de\/wp-content\/uploads\/2024\/07\/gruen-logo.webp\",\"contentUrl\":\"https:\/\/www.gruen-gmbh.de\/wp-content\/uploads\/2024\/07\/gruen-logo.webp\",\"width\":672,\"height\":164,\"caption\":\"Gr\u00fcn GmbH\"},\"image\":{\"@id\":\"https:\/\/www.gruen-gmbh.de\/en\/#\/schema\/logo\/image\/\"}},{\"@type\":\"Person\",\"@id\":\"https:\/\/www.gruen-gmbh.de\/en\/#\/schema\/person\/81c32ab546dc94b830590c65741e83be\",\"name\":\"admin\",\"sameAs\":[\"https:\/\/gruen-gmbh.de\"],\"url\":\"https:\/\/www.gruen-gmbh.de\/en\/author\/admin\/\"}]}<\/script>\n<!-- \/ Yoast SEO plugin. -->","yoast_head_json":{"title":"Gestalten Sie Wohnwelten auf Flachdachfl\u00e4chen mit unserem PANORAMA ST Gel\u00e4nder - Gr\u00fcn GmbH","robots":{"index":"index","follow":"follow","max-snippet":"max-snippet:-1","max-image-preview":"max-image-preview:large","max-video-preview":"max-video-preview:-1"},"canonical":"https:\/\/www.gruen-gmbh.de\/en\/gestalten-sie-wohnwelten-auf-flachdachflaechen-mit-unserem-panorama-st-gelaender\/","og_locale":"en_US","og_type":"article","og_title":"Gestalten Sie Wohnwelten auf Flachdachfl\u00e4chen mit unserem PANORAMA ST Gel\u00e4nder - Gr\u00fcn GmbH","og_description":"Um dem stetig wachsenden Bedarf an Wohraum insbesondere in den Ballungszentren zu begegnen, werden zuhnemdend nutzbare Flachd\u00e4cher erbaut. Die Nutzung dieses zus\u00e4tzlichen Wohnraumes ohne Fl\u00e4chen-Einbu\u00dfen als exklusive Dachterrassen, l\u00e4sst neue gr\u00fcne R\u00fcckzugsorte entstehen. Begr\u00fcnung wird als \u00f6kologischer Ausgleich zunehmend forciert und von vielen St\u00e4dten und Gemeinden auch \u00fcber finanzielle Zusch\u00fcsse oder Anreize unterst\u00fctzt. Die Gestaltung [&hellip;]","og_url":"https:\/\/www.gruen-gmbh.de\/en\/gestalten-sie-wohnwelten-auf-flachdachflaechen-mit-unserem-panorama-st-gelaender\/","og_site_name":"Gr\u00fcn GmbH","article_published_time":"2020-08-11T08:50:10+00:00","og_image":[{"width":2000,"height":1337,"url":"https:\/\/www.gruen-gmbh.de\/wp-content\/uploads\/2020\/08\/Panorama-selbsttragend_Hotel-am-Remspark_2_bearb.jpg","type":"image\/jpeg"}],"author":"admin","twitter_card":"summary_large_image","twitter_misc":{"Written by":"admin","Est. reading time":"1 minute"},"schema":{"@context":"https:\/\/schema.org","@graph":[{"@type":"Article","@id":"https:\/\/www.gruen-gmbh.de\/gestalten-sie-wohnwelten-auf-flachdachflaechen-mit-unserem-panorama-st-gelaender\/#article","isPartOf":{"@id":"https:\/\/www.gruen-gmbh.de\/gestalten-sie-wohnwelten-auf-flachdachflaechen-mit-unserem-panorama-st-gelaender\/"},"author":{"name":"admin","@id":"https:\/\/www.gruen-gmbh.de\/en\/#\/schema\/person\/81c32ab546dc94b830590c65741e83be"},"headline":"Gestalten Sie Wohnwelten auf Flachdachfl\u00e4chen mit unserem PANORAMA ST Gel\u00e4nder","datePublished":"2020-08-11T08:50:10+00:00","mainEntityOfPage":{"@id":"https:\/\/www.gruen-gmbh.de\/gestalten-sie-wohnwelten-auf-flachdachflaechen-mit-unserem-panorama-st-gelaender\/"},"wordCount":155,"publisher":{"@id":"https:\/\/www.gruen-gmbh.de\/en\/#organization"},"image":{"@id":"https:\/\/www.gruen-gmbh.de\/gestalten-sie-wohnwelten-auf-flachdachflaechen-mit-unserem-panorama-st-gelaender\/#primaryimage"},"thumbnailUrl":"https:\/\/www.gruen-gmbh.de\/wp-content\/uploads\/2020\/08\/Panorama-selbsttragend_Hotel-am-Remspark_2_bearb.jpg","articleSection":["Absturzsicherung"],"inLanguage":"en-US"},{"@type":"WebPage","@id":"https:\/\/www.gruen-gmbh.de\/gestalten-sie-wohnwelten-auf-flachdachflaechen-mit-unserem-panorama-st-gelaender\/","url":"https:\/\/www.gruen-gmbh.de\/gestalten-sie-wohnwelten-auf-flachdachflaechen-mit-unserem-panorama-st-gelaender\/","name":"Gestalten Sie Wohnwelten auf Flachdachfl\u00e4chen mit unserem PANORAMA ST Gel\u00e4nder - Gr\u00fcn GmbH","isPartOf":{"@id":"https:\/\/www.gruen-gmbh.de\/en\/#website"},"primaryImageOfPage":{"@id":"https:\/\/www.gruen-gmbh.de\/gestalten-sie-wohnwelten-auf-flachdachflaechen-mit-unserem-panorama-st-gelaender\/#primaryimage"},"image":{"@id":"https:\/\/www.gruen-gmbh.de\/gestalten-sie-wohnwelten-auf-flachdachflaechen-mit-unserem-panorama-st-gelaender\/#primaryimage"},"thumbnailUrl":"https:\/\/www.gruen-gmbh.de\/wp-content\/uploads\/2020\/08\/Panorama-selbsttragend_Hotel-am-Remspark_2_bearb.jpg","datePublished":"2020-08-11T08:50:10+00:00","breadcrumb":{"@id":"https:\/\/www.gruen-gmbh.de\/gestalten-sie-wohnwelten-auf-flachdachflaechen-mit-unserem-panorama-st-gelaender\/#breadcrumb"},"inLanguage":"en-US","potentialAction":[{"@type":"ReadAction","target":["https:\/\/www.gruen-gmbh.de\/gestalten-sie-wohnwelten-auf-flachdachflaechen-mit-unserem-panorama-st-gelaender\/"]}]},{"@type":"ImageObject","inLanguage":"en-US","@id":"https:\/\/www.gruen-gmbh.de\/gestalten-sie-wohnwelten-auf-flachdachflaechen-mit-unserem-panorama-st-gelaender\/#primaryimage","url":"https:\/\/www.gruen-gmbh.de\/wp-content\/uploads\/2020\/08\/Panorama-selbsttragend_Hotel-am-Remspark_2_bearb.jpg","contentUrl":"https:\/\/www.gruen-gmbh.de\/wp-content\/uploads\/2020\/08\/Panorama-selbsttragend_Hotel-am-Remspark_2_bearb.jpg","width":2000,"height":1337},{"@type":"BreadcrumbList","@id":"https:\/\/www.gruen-gmbh.de\/gestalten-sie-wohnwelten-auf-flachdachflaechen-mit-unserem-panorama-st-gelaender\/#breadcrumb","itemListElement":[{"@type":"ListItem","position":1,"name":"Startseite","item":"https:\/\/www.gruen-gmbh.de\/"},{"@type":"ListItem","position":2,"name":"Gestalten Sie Wohnwelten auf Flachdachfl\u00e4chen mit unserem PANORAMA ST Gel\u00e4nder"}]},{"@type":"WebSite","@id":"https:\/\/www.gruen-gmbh.de\/en\/#website","url":"https:\/\/www.gruen-gmbh.de\/en\/","name":"Gr\u00fcn GmbH","description":"","publisher":{"@id":"https:\/\/www.gruen-gmbh.de\/en\/#organization"},"potentialAction":[{"@type":"SearchAction","target":{"@type":"EntryPoint","urlTemplate":"https:\/\/www.gruen-gmbh.de\/en\/?s={search_term_string}"},"query-input":{"@type":"PropertyValueSpecification","valueRequired":true,"valueName":"search_term_string"}}],"inLanguage":"en-US"},{"@type":"Organization","@id":"https:\/\/www.gruen-gmbh.de\/en\/#organization","name":"Gr\u00fcn GmbH","url":"https:\/\/www.gruen-gmbh.de\/en\/","logo":{"@type":"ImageObject","inLanguage":"en-US","@id":"https:\/\/www.gruen-gmbh.de\/en\/#\/schema\/logo\/image\/","url":"https:\/\/www.gruen-gmbh.de\/wp-content\/uploads\/2024\/07\/gruen-logo.webp","contentUrl":"https:\/\/www.gruen-gmbh.de\/wp-content\/uploads\/2024\/07\/gruen-logo.webp","width":672,"height":164,"caption":"Gr\u00fcn GmbH"},"image":{"@id":"https:\/\/www.gruen-gmbh.de\/en\/#\/schema\/logo\/image\/"}},{"@type":"Person","@id":"https:\/\/www.gruen-gmbh.de\/en\/#\/schema\/person\/81c32ab546dc94b830590c65741e83be","name":"admin","sameAs":["https:\/\/gruen-gmbh.de"],"url":"https:\/\/www.gruen-gmbh.de\/en\/author\/admin\/"}]}},"_links":{"self":[{"href":"https:\/\/www.gruen-gmbh.de\/en\/wp-json\/wp\/v2\/posts\/32763","targetHints":{"allow":["GET"]}}],"collection":[{"href":"https:\/\/www.gruen-gmbh.de\/en\/wp-json\/wp\/v2\/posts"}],"about":[{"href":"https:\/\/www.gruen-gmbh.de\/en\/wp-json\/wp\/v2\/types\/post"}],"author":[{"embeddable":true,"href":"https:\/\/www.gruen-gmbh.de\/en\/wp-json\/wp\/v2\/users\/1"}],"replies":[{"embeddable":true,"href":"https:\/\/www.gruen-gmbh.de\/en\/wp-json\/wp\/v2\/comments?post=32763"}],"version-history":[{"count":0,"href":"https:\/\/www.gruen-gmbh.de\/en\/wp-json\/wp\/v2\/posts\/32763\/revisions"}],"wp:featuredmedia":[{"embeddable":true,"href":"https:\/\/www.gruen-gmbh.de\/en\/wp-json\/wp\/v2\/media\/32764"}],"wp:attachment":[{"href":"https:\/\/www.gruen-gmbh.de\/en\/wp-json\/wp\/v2\/media?parent=32763"}],"wp:term":[{"taxonomy":"category","embeddable":true,"href":"https:\/\/www.gruen-gmbh.de\/en\/wp-json\/wp\/v2\/categories?post=32763"},{"taxonomy":"post_tag","embeddable":true,"href":"https:\/\/www.gruen-gmbh.de\/en\/wp-json\/wp\/v2\/tags?post=32763"}],"curies":[{"name":"wp","href":"https:\/\/api.w.org\/{rel}","templated":true}]}}