{"id":33149,"date":"2023-01-11T15:00:00","date_gmt":"2023-01-11T13:00:00","guid":{"rendered":"https:\/\/gruen-gmbh.de\/?p=33149"},"modified":"2023-01-11T15:00:00","modified_gmt":"2023-01-11T13:00:00","slug":"neue-mitarbeiter-in-der-gruen-familie","status":"publish","type":"post","link":"https:\/\/www.gruen-gmbh.de\/en\/neue-mitarbeiter-in-der-gruen-familie\/","title":{"rendered":"New employee in the GR\u00dcN family"},"content":{"rendered":"<p>Wir freuen uns, Ihnen Herrn <strong>Tobias Bechtle<\/strong> als neuen Gebietsleiter S\u00fcd vorzustellen. Herr Bechtle wird f\u00fcr den Gesch\u00e4ftsbereich Absturzsicherungen und Dachger\u00e4te Bautechnik t\u00e4tig sein.<\/p>\n<p>&nbsp;<\/p>\n<p>[button stil=&#8220;auto&#8220; text=&#8220;Mehr&#8230;&#8220; url=&#8220;https:\/\/gruen-gmbh.de\/de\/neuer-mitarbeiter\/&#8220; target=&#8220;blank&#8220;]<\/p>","protected":false},"excerpt":{"rendered":"<p>Wir freuen uns, Ihnen Herrn Tobias Bechtle als neuen Gebietsleiter S\u00fcd vorzustellen. Herr Bechtle wird f\u00fcr den Gesch\u00e4ftsbereich Absturzsicherungen und Dachger\u00e4te Bautechnik t\u00e4tig sein. &nbsp; [button stil=&#8220;auto&#8220; text=&#8220;Mehr&#8230;&#8220; url=&#8220;https:\/\/gruen-gmbh.de\/de\/neuer-mitarbeiter\/&#8220; target=&#8220;blank&#8220;]<\/p>","protected":false},"author":1,"featured_media":33157,"comment_status":"closed","ping_status":"closed","sticky":false,"template":"","format":"standard","meta":{"footnotes":""},"categories":[155],"tags":[],"class_list":["post-33149","post","type-post","status-publish","format-standard","has-post-thumbnail","hentry","category-allgemein"],"yoast_head":"<!-- This site is optimized with the Yoast SEO plugin v26.3 - https:\/\/yoast.com\/wordpress\/plugins\/seo\/ -->\n<title>Neuer Mitarbeiter in der GR\u00dcN-Familie - Gr\u00fcn GmbH<\/title>\n<meta name=\"robots\" content=\"index, follow, max-snippet:-1, max-image-preview:large, max-video-preview:-1\" \/>\n<link rel=\"canonical\" href=\"https:\/\/www.gruen-gmbh.de\/en\/neue-mitarbeiter-in-der-gruen-familie\/\" \/>\n<meta property=\"og:locale\" content=\"en_US\" \/>\n<meta property=\"og:type\" content=\"article\" \/>\n<meta property=\"og:title\" content=\"Neuer Mitarbeiter in der GR\u00dcN-Familie - Gr\u00fcn GmbH\" \/>\n<meta property=\"og:description\" content=\"Wir freuen uns, Ihnen Herrn Tobias Bechtle als neuen Gebietsleiter S\u00fcd vorzustellen. Herr Bechtle wird f\u00fcr den Gesch\u00e4ftsbereich Absturzsicherungen und Dachger\u00e4te Bautechnik t\u00e4tig sein. &nbsp; [button stil=&#8220;auto&#8220; text=&#8220;Mehr&#8230;&#8220; url=&#8220;https:\/\/gruen-gmbh.de\/de\/neuer-mitarbeiter\/&#8220; target=&#8220;blank&#8220;]\" \/>\n<meta property=\"og:url\" content=\"https:\/\/www.gruen-gmbh.de\/en\/neue-mitarbeiter-in-der-gruen-familie\/\" \/>\n<meta property=\"og:site_name\" content=\"Gr\u00fcn GmbH\" \/>\n<meta property=\"article:published_time\" content=\"2023-01-11T13:00:00+00:00\" \/>\n<meta property=\"og:image\" content=\"https:\/\/www.gruen-gmbh.de\/wp-content\/uploads\/2020\/10\/AdobeStock_375393450_web.jpg\" \/>\n\t<meta property=\"og:image:width\" content=\"1200\" \/>\n\t<meta property=\"og:image:height\" content=\"704\" \/>\n\t<meta property=\"og:image:type\" content=\"image\/jpeg\" \/>\n<meta name=\"author\" content=\"admin\" \/>\n<meta name=\"twitter:card\" content=\"summary_large_image\" \/>\n<meta name=\"twitter:label1\" content=\"Written by\" \/>\n\t<meta name=\"twitter:data1\" content=\"admin\" \/>\n<script type=\"application\/ld+json\" class=\"yoast-schema-graph\">{\"@context\":\"https:\/\/schema.org\",\"@graph\":[{\"@type\":\"Article\",\"@id\":\"https:\/\/www.gruen-gmbh.de\/neue-mitarbeiter-in-der-gruen-familie\/#article\",\"isPartOf\":{\"@id\":\"https:\/\/www.gruen-gmbh.de\/neue-mitarbeiter-in-der-gruen-familie\/\"},\"author\":{\"name\":\"admin\",\"@id\":\"https:\/\/www.gruen-gmbh.de\/en\/#\/schema\/person\/81c32ab546dc94b830590c65741e83be\"},\"headline\":\"Neuer Mitarbeiter in der GR\u00dcN-Familie\",\"datePublished\":\"2023-01-11T13:00:00+00:00\",\"mainEntityOfPage\":{\"@id\":\"https:\/\/www.gruen-gmbh.de\/neue-mitarbeiter-in-der-gruen-familie\/\"},\"wordCount\":49,\"publisher\":{\"@id\":\"https:\/\/www.gruen-gmbh.de\/en\/#organization\"},\"image\":{\"@id\":\"https:\/\/www.gruen-gmbh.de\/neue-mitarbeiter-in-der-gruen-familie\/#primaryimage\"},\"thumbnailUrl\":\"https:\/\/www.gruen-gmbh.de\/wp-content\/uploads\/2020\/10\/AdobeStock_375393450_web.jpg\",\"articleSection\":[\"Allgemein\"],\"inLanguage\":\"en-US\"},{\"@type\":\"WebPage\",\"@id\":\"https:\/\/www.gruen-gmbh.de\/neue-mitarbeiter-in-der-gruen-familie\/\",\"url\":\"https:\/\/www.gruen-gmbh.de\/neue-mitarbeiter-in-der-gruen-familie\/\",\"name\":\"Neuer Mitarbeiter in der GR\u00dcN-Familie - Gr\u00fcn GmbH\",\"isPartOf\":{\"@id\":\"https:\/\/www.gruen-gmbh.de\/en\/#website\"},\"primaryImageOfPage\":{\"@id\":\"https:\/\/www.gruen-gmbh.de\/neue-mitarbeiter-in-der-gruen-familie\/#primaryimage\"},\"image\":{\"@id\":\"https:\/\/www.gruen-gmbh.de\/neue-mitarbeiter-in-der-gruen-familie\/#primaryimage\"},\"thumbnailUrl\":\"https:\/\/www.gruen-gmbh.de\/wp-content\/uploads\/2020\/10\/AdobeStock_375393450_web.jpg\",\"datePublished\":\"2023-01-11T13:00:00+00:00\",\"breadcrumb\":{\"@id\":\"https:\/\/www.gruen-gmbh.de\/neue-mitarbeiter-in-der-gruen-familie\/#breadcrumb\"},\"inLanguage\":\"en-US\",\"potentialAction\":[{\"@type\":\"ReadAction\",\"target\":[\"https:\/\/www.gruen-gmbh.de\/neue-mitarbeiter-in-der-gruen-familie\/\"]}]},{\"@type\":\"ImageObject\",\"inLanguage\":\"en-US\",\"@id\":\"https:\/\/www.gruen-gmbh.de\/neue-mitarbeiter-in-der-gruen-familie\/#primaryimage\",\"url\":\"https:\/\/www.gruen-gmbh.de\/wp-content\/uploads\/2020\/10\/AdobeStock_375393450_web.jpg\",\"contentUrl\":\"https:\/\/www.gruen-gmbh.de\/wp-content\/uploads\/2020\/10\/AdobeStock_375393450_web.jpg\",\"width\":1200,\"height\":704},{\"@type\":\"BreadcrumbList\",\"@id\":\"https:\/\/www.gruen-gmbh.de\/neue-mitarbeiter-in-der-gruen-familie\/#breadcrumb\",\"itemListElement\":[{\"@type\":\"ListItem\",\"position\":1,\"name\":\"Startseite\",\"item\":\"https:\/\/www.gruen-gmbh.de\/\"},{\"@type\":\"ListItem\",\"position\":2,\"name\":\"Neuer Mitarbeiter in der GR\u00dcN-Familie\"}]},{\"@type\":\"WebSite\",\"@id\":\"https:\/\/www.gruen-gmbh.de\/en\/#website\",\"url\":\"https:\/\/www.gruen-gmbh.de\/en\/\",\"name\":\"Gr\u00fcn GmbH\",\"description\":\"\",\"publisher\":{\"@id\":\"https:\/\/www.gruen-gmbh.de\/en\/#organization\"},\"potentialAction\":[{\"@type\":\"SearchAction\",\"target\":{\"@type\":\"EntryPoint\",\"urlTemplate\":\"https:\/\/www.gruen-gmbh.de\/en\/?s={search_term_string}\"},\"query-input\":{\"@type\":\"PropertyValueSpecification\",\"valueRequired\":true,\"valueName\":\"search_term_string\"}}],\"inLanguage\":\"en-US\"},{\"@type\":\"Organization\",\"@id\":\"https:\/\/www.gruen-gmbh.de\/en\/#organization\",\"name\":\"Gr\u00fcn GmbH\",\"url\":\"https:\/\/www.gruen-gmbh.de\/en\/\",\"logo\":{\"@type\":\"ImageObject\",\"inLanguage\":\"en-US\",\"@id\":\"https:\/\/www.gruen-gmbh.de\/en\/#\/schema\/logo\/image\/\",\"url\":\"https:\/\/www.gruen-gmbh.de\/wp-content\/uploads\/2024\/07\/gruen-logo.webp\",\"contentUrl\":\"https:\/\/www.gruen-gmbh.de\/wp-content\/uploads\/2024\/07\/gruen-logo.webp\",\"width\":672,\"height\":164,\"caption\":\"Gr\u00fcn GmbH\"},\"image\":{\"@id\":\"https:\/\/www.gruen-gmbh.de\/en\/#\/schema\/logo\/image\/\"}},{\"@type\":\"Person\",\"@id\":\"https:\/\/www.gruen-gmbh.de\/en\/#\/schema\/person\/81c32ab546dc94b830590c65741e83be\",\"name\":\"admin\",\"sameAs\":[\"https:\/\/gruen-gmbh.de\"],\"url\":\"https:\/\/www.gruen-gmbh.de\/en\/author\/admin\/\"}]}<\/script>\n<!-- \/ Yoast SEO plugin. -->","yoast_head_json":{"title":"Neuer Mitarbeiter in der GR\u00dcN-Familie - Gr\u00fcn GmbH","robots":{"index":"index","follow":"follow","max-snippet":"max-snippet:-1","max-image-preview":"max-image-preview:large","max-video-preview":"max-video-preview:-1"},"canonical":"https:\/\/www.gruen-gmbh.de\/en\/neue-mitarbeiter-in-der-gruen-familie\/","og_locale":"en_US","og_type":"article","og_title":"Neuer Mitarbeiter in der GR\u00dcN-Familie - Gr\u00fcn GmbH","og_description":"Wir freuen uns, Ihnen Herrn Tobias Bechtle als neuen Gebietsleiter S\u00fcd vorzustellen. Herr Bechtle wird f\u00fcr den Gesch\u00e4ftsbereich Absturzsicherungen und Dachger\u00e4te Bautechnik t\u00e4tig sein. &nbsp; [button stil=&#8220;auto&#8220; text=&#8220;Mehr&#8230;&#8220; url=&#8220;https:\/\/gruen-gmbh.de\/de\/neuer-mitarbeiter\/&#8220; target=&#8220;blank&#8220;]","og_url":"https:\/\/www.gruen-gmbh.de\/en\/neue-mitarbeiter-in-der-gruen-familie\/","og_site_name":"Gr\u00fcn GmbH","article_published_time":"2023-01-11T13:00:00+00:00","og_image":[{"width":1200,"height":704,"url":"https:\/\/www.gruen-gmbh.de\/wp-content\/uploads\/2020\/10\/AdobeStock_375393450_web.jpg","type":"image\/jpeg"}],"author":"admin","twitter_card":"summary_large_image","twitter_misc":{"Written by":"admin"},"schema":{"@context":"https:\/\/schema.org","@graph":[{"@type":"Article","@id":"https:\/\/www.gruen-gmbh.de\/neue-mitarbeiter-in-der-gruen-familie\/#article","isPartOf":{"@id":"https:\/\/www.gruen-gmbh.de\/neue-mitarbeiter-in-der-gruen-familie\/"},"author":{"name":"admin","@id":"https:\/\/www.gruen-gmbh.de\/en\/#\/schema\/person\/81c32ab546dc94b830590c65741e83be"},"headline":"Neuer Mitarbeiter in der GR\u00dcN-Familie","datePublished":"2023-01-11T13:00:00+00:00","mainEntityOfPage":{"@id":"https:\/\/www.gruen-gmbh.de\/neue-mitarbeiter-in-der-gruen-familie\/"},"wordCount":49,"publisher":{"@id":"https:\/\/www.gruen-gmbh.de\/en\/#organization"},"image":{"@id":"https:\/\/www.gruen-gmbh.de\/neue-mitarbeiter-in-der-gruen-familie\/#primaryimage"},"thumbnailUrl":"https:\/\/www.gruen-gmbh.de\/wp-content\/uploads\/2020\/10\/AdobeStock_375393450_web.jpg","articleSection":["Allgemein"],"inLanguage":"en-US"},{"@type":"WebPage","@id":"https:\/\/www.gruen-gmbh.de\/neue-mitarbeiter-in-der-gruen-familie\/","url":"https:\/\/www.gruen-gmbh.de\/neue-mitarbeiter-in-der-gruen-familie\/","name":"Neuer Mitarbeiter in der GR\u00dcN-Familie - Gr\u00fcn GmbH","isPartOf":{"@id":"https:\/\/www.gruen-gmbh.de\/en\/#website"},"primaryImageOfPage":{"@id":"https:\/\/www.gruen-gmbh.de\/neue-mitarbeiter-in-der-gruen-familie\/#primaryimage"},"image":{"@id":"https:\/\/www.gruen-gmbh.de\/neue-mitarbeiter-in-der-gruen-familie\/#primaryimage"},"thumbnailUrl":"https:\/\/www.gruen-gmbh.de\/wp-content\/uploads\/2020\/10\/AdobeStock_375393450_web.jpg","datePublished":"2023-01-11T13:00:00+00:00","breadcrumb":{"@id":"https:\/\/www.gruen-gmbh.de\/neue-mitarbeiter-in-der-gruen-familie\/#breadcrumb"},"inLanguage":"en-US","potentialAction":[{"@type":"ReadAction","target":["https:\/\/www.gruen-gmbh.de\/neue-mitarbeiter-in-der-gruen-familie\/"]}]},{"@type":"ImageObject","inLanguage":"en-US","@id":"https:\/\/www.gruen-gmbh.de\/neue-mitarbeiter-in-der-gruen-familie\/#primaryimage","url":"https:\/\/www.gruen-gmbh.de\/wp-content\/uploads\/2020\/10\/AdobeStock_375393450_web.jpg","contentUrl":"https:\/\/www.gruen-gmbh.de\/wp-content\/uploads\/2020\/10\/AdobeStock_375393450_web.jpg","width":1200,"height":704},{"@type":"BreadcrumbList","@id":"https:\/\/www.gruen-gmbh.de\/neue-mitarbeiter-in-der-gruen-familie\/#breadcrumb","itemListElement":[{"@type":"ListItem","position":1,"name":"Startseite","item":"https:\/\/www.gruen-gmbh.de\/"},{"@type":"ListItem","position":2,"name":"Neuer Mitarbeiter in der GR\u00dcN-Familie"}]},{"@type":"WebSite","@id":"https:\/\/www.gruen-gmbh.de\/en\/#website","url":"https:\/\/www.gruen-gmbh.de\/en\/","name":"Gr\u00fcn GmbH","description":"","publisher":{"@id":"https:\/\/www.gruen-gmbh.de\/en\/#organization"},"potentialAction":[{"@type":"SearchAction","target":{"@type":"EntryPoint","urlTemplate":"https:\/\/www.gruen-gmbh.de\/en\/?s={search_term_string}"},"query-input":{"@type":"PropertyValueSpecification","valueRequired":true,"valueName":"search_term_string"}}],"inLanguage":"en-US"},{"@type":"Organization","@id":"https:\/\/www.gruen-gmbh.de\/en\/#organization","name":"Gr\u00fcn GmbH","url":"https:\/\/www.gruen-gmbh.de\/en\/","logo":{"@type":"ImageObject","inLanguage":"en-US","@id":"https:\/\/www.gruen-gmbh.de\/en\/#\/schema\/logo\/image\/","url":"https:\/\/www.gruen-gmbh.de\/wp-content\/uploads\/2024\/07\/gruen-logo.webp","contentUrl":"https:\/\/www.gruen-gmbh.de\/wp-content\/uploads\/2024\/07\/gruen-logo.webp","width":672,"height":164,"caption":"Gr\u00fcn GmbH"},"image":{"@id":"https:\/\/www.gruen-gmbh.de\/en\/#\/schema\/logo\/image\/"}},{"@type":"Person","@id":"https:\/\/www.gruen-gmbh.de\/en\/#\/schema\/person\/81c32ab546dc94b830590c65741e83be","name":"admin","sameAs":["https:\/\/gruen-gmbh.de"],"url":"https:\/\/www.gruen-gmbh.de\/en\/author\/admin\/"}]}},"_links":{"self":[{"href":"https:\/\/www.gruen-gmbh.de\/en\/wp-json\/wp\/v2\/posts\/33149","targetHints":{"allow":["GET"]}}],"collection":[{"href":"https:\/\/www.gruen-gmbh.de\/en\/wp-json\/wp\/v2\/posts"}],"about":[{"href":"https:\/\/www.gruen-gmbh.de\/en\/wp-json\/wp\/v2\/types\/post"}],"author":[{"embeddable":true,"href":"https:\/\/www.gruen-gmbh.de\/en\/wp-json\/wp\/v2\/users\/1"}],"replies":[{"embeddable":true,"href":"https:\/\/www.gruen-gmbh.de\/en\/wp-json\/wp\/v2\/comments?post=33149"}],"version-history":[{"count":0,"href":"https:\/\/www.gruen-gmbh.de\/en\/wp-json\/wp\/v2\/posts\/33149\/revisions"}],"wp:featuredmedia":[{"embeddable":true,"href":"https:\/\/www.gruen-gmbh.de\/en\/wp-json\/wp\/v2\/media\/33157"}],"wp:attachment":[{"href":"https:\/\/www.gruen-gmbh.de\/en\/wp-json\/wp\/v2\/media?parent=33149"}],"wp:term":[{"taxonomy":"category","embeddable":true,"href":"https:\/\/www.gruen-gmbh.de\/en\/wp-json\/wp\/v2\/categories?post=33149"},{"taxonomy":"post_tag","embeddable":true,"href":"https:\/\/www.gruen-gmbh.de\/en\/wp-json\/wp\/v2\/tags?post=33149"}],"curies":[{"name":"wp","href":"https:\/\/api.w.org\/{rel}","templated":true}]}}