{"id":33351,"date":"2020-12-17T14:55:59","date_gmt":"2020-12-17T12:55:59","guid":{"rendered":"https:\/\/gruen-gmbh.de\/?p=33351"},"modified":"2020-12-17T14:55:59","modified_gmt":"2020-12-17T12:55:59","slug":"die-gruen-gmbh-unterstuetzt-die-stiftung-fuer-innovative-medizin-2","status":"publish","type":"post","link":"https:\/\/www.gruen-gmbh.de\/en\/die-gruen-gmbh-unterstuetzt-die-stiftung-fuer-innovative-medizin-2\/","title":{"rendered":"Die GR\u00dcN GmbH unterst\u00fctzt die Stiftung f\u00fcr Innovative Medizin"},"content":{"rendered":"<p>Ein Jahr, das sicher f\u00fcr jeden ungewohnte Herausforderungen mit sich brachte, geht zu Ende. Wie schon Ende 2019 haben wir am 16.12.2020 wieder Antje Albert in die GR\u00dcN GmbH eingeladen. Frau Albert setzt sich mit <a href=\"https:\/\/www.facebook.com\/StarkmachengegenDIPG\/\">BEN hilft<\/a> f\u00fcr die Erforschung von Behandlungsm\u00f6glichkeiten zur Bek\u00e4mpfung von DIPG ein \u2013 die Krankheit, die der Familie 2019 ihren Sohn und Bruder Ben Samuel nahm. Viele von den f\u00fcr 2020 geplanten Events und Aktionen zur Generierung von Spenden f\u00fcr die DIPG-Forschung mussten Corona-bedingt leider abgesagt werden. Was trotz dieser Einschr\u00e4nkungen erreicht werden konnte, ist wirklich beeindruckend und wir sind sehr dankbar daf\u00fcr, es von Antje Albert aus erster Hand erfahren zu haben. Auch 2020 wird die GR\u00dcN GmbH die <a href=\"https:\/\/www.facebook.com\/innovativemedizin\/\">Stiftung f\u00fcr innovative Medizin<\/a> wieder mit einer Spende unterst\u00fctzen, um einen kleinen Beitrag zur Aufrechterhaltung der nach wie vor rein ehrenamtlich und somit Spenden-finanzierten Forschung zu leisten. Das Netzwerk um die Stiftung von Dr. Alexander Beck, weiteren Instituten sowie Familien, die das Schicksal der Alberts teilen, ist eine wichtige Anlaufstelle f\u00fcr aktuell von DIPG betroffenen Familien.<\/p>\n<p>Eine wichtige S\u00e4ule der von BEN hilft initiierten Spendenaktionen ist der Verkauf der von Hand gefertigten \u201eBennifanten\u201c. Einer dieser gem\u00fctlichen Zeitgenossen hat es mit auf das Bild geschafft und wird \u2013 da wir kein Jobangebot unterbreiten konnten \u2013 bei unserem Gesch\u00e4ftsf\u00fchrer und seinen Kindern einziehen.<br \/>\nMit von der Partie war auch unser Mitarbeiter, Dennis Tavera, der als Vorstand im Jugendbereich der <a href=\"https:\/\/www.facebook.com\/redsoxallenbach\">RED SOX Allenbach<\/a> mit dem Verein schon die ein oder andere Spendenaktion mit Antje Albert und BEN hilft umgesetzt und bereits jede Menge Pl\u00e4ne f\u00fcr die Zeit nach Corona in der Schublade hat.<\/p>\n<p>Wir danken Antje Albert und Dennis Tavera f\u00fcr den inspirierenden Austausch. Beide brennen f\u00fcr dieses sehr wichtige Thema. Wir dr\u00fccken die Daumen, dass die geplanten Events und Aktionen 2021 stattfinden k\u00f6nnen!<\/p>","protected":false},"excerpt":{"rendered":"<p>Ein Jahr, das sicher f\u00fcr jeden ungewohnte Herausforderungen mit sich brachte, geht zu Ende. Wie schon Ende 2019 haben wir am 16.12.2020 wieder Antje Albert in die GR\u00dcN GmbH eingeladen. Frau Albert setzt sich mit BEN hilft f\u00fcr die Erforschung von Behandlungsm\u00f6glichkeiten zur Bek\u00e4mpfung von DIPG ein \u2013 die Krankheit, die der Familie 2019 ihren [&hellip;]<\/p>","protected":false},"author":1,"featured_media":33352,"comment_status":"closed","ping_status":"closed","sticky":false,"template":"","format":"standard","meta":{"footnotes":""},"categories":[155],"tags":[],"class_list":["post-33351","post","type-post","status-publish","format-standard","has-post-thumbnail","hentry","category-allgemein"],"yoast_head":"<!-- This site is optimized with the Yoast SEO plugin v26.3 - https:\/\/yoast.com\/wordpress\/plugins\/seo\/ -->\n<title>Die GR\u00dcN GmbH unterst\u00fctzt die Stiftung f\u00fcr Innovative Medizin - Gr\u00fcn GmbH<\/title>\n<meta name=\"robots\" content=\"index, follow, max-snippet:-1, max-image-preview:large, max-video-preview:-1\" \/>\n<link rel=\"canonical\" href=\"https:\/\/www.gruen-gmbh.de\/en\/die-gruen-gmbh-unterstuetzt-die-stiftung-fuer-innovative-medizin-2\/\" \/>\n<meta property=\"og:locale\" content=\"en_US\" \/>\n<meta property=\"og:type\" content=\"article\" \/>\n<meta property=\"og:title\" content=\"Die GR\u00dcN GmbH unterst\u00fctzt die Stiftung f\u00fcr Innovative Medizin - Gr\u00fcn GmbH\" \/>\n<meta property=\"og:description\" content=\"Ein Jahr, das sicher f\u00fcr jeden ungewohnte Herausforderungen mit sich brachte, geht zu Ende. Wie schon Ende 2019 haben wir am 16.12.2020 wieder Antje Albert in die GR\u00dcN GmbH eingeladen. Frau Albert setzt sich mit BEN hilft f\u00fcr die Erforschung von Behandlungsm\u00f6glichkeiten zur Bek\u00e4mpfung von DIPG ein \u2013 die Krankheit, die der Familie 2019 ihren [&hellip;]\" \/>\n<meta property=\"og:url\" content=\"https:\/\/www.gruen-gmbh.de\/en\/die-gruen-gmbh-unterstuetzt-die-stiftung-fuer-innovative-medizin-2\/\" \/>\n<meta property=\"og:site_name\" content=\"Gr\u00fcn GmbH\" \/>\n<meta property=\"article:published_time\" content=\"2020-12-17T12:55:59+00:00\" \/>\n<meta property=\"og:image\" content=\"https:\/\/www.gruen-gmbh.de\/wp-content\/uploads\/2020\/12\/Gruen_Besuch_A_Albert_web.jpg\" \/>\n\t<meta property=\"og:image:width\" content=\"800\" \/>\n\t<meta property=\"og:image:height\" content=\"600\" \/>\n\t<meta property=\"og:image:type\" content=\"image\/jpeg\" \/>\n<meta name=\"author\" content=\"admin\" \/>\n<meta name=\"twitter:card\" content=\"summary_large_image\" \/>\n<meta name=\"twitter:label1\" content=\"Written by\" \/>\n\t<meta name=\"twitter:data1\" content=\"admin\" \/>\n\t<meta name=\"twitter:label2\" content=\"Est. reading time\" \/>\n\t<meta name=\"twitter:data2\" content=\"2 minutes\" \/>\n<script type=\"application\/ld+json\" class=\"yoast-schema-graph\">{\"@context\":\"https:\/\/schema.org\",\"@graph\":[{\"@type\":\"Article\",\"@id\":\"https:\/\/www.gruen-gmbh.de\/en\/die-gruen-gmbh-unterstuetzt-die-stiftung-fuer-innovative-medizin-2\/#article\",\"isPartOf\":{\"@id\":\"https:\/\/www.gruen-gmbh.de\/en\/die-gruen-gmbh-unterstuetzt-die-stiftung-fuer-innovative-medizin-2\/\"},\"author\":{\"name\":\"admin\",\"@id\":\"https:\/\/www.gruen-gmbh.de\/en\/#\/schema\/person\/81c32ab546dc94b830590c65741e83be\"},\"headline\":\"Die GR\u00dcN GmbH unterst\u00fctzt die Stiftung f\u00fcr Innovative Medizin\",\"datePublished\":\"2020-12-17T12:55:59+00:00\",\"mainEntityOfPage\":{\"@id\":\"https:\/\/www.gruen-gmbh.de\/en\/die-gruen-gmbh-unterstuetzt-die-stiftung-fuer-innovative-medizin-2\/\"},\"wordCount\":322,\"publisher\":{\"@id\":\"https:\/\/www.gruen-gmbh.de\/en\/#organization\"},\"image\":{\"@id\":\"https:\/\/www.gruen-gmbh.de\/en\/die-gruen-gmbh-unterstuetzt-die-stiftung-fuer-innovative-medizin-2\/#primaryimage\"},\"thumbnailUrl\":\"https:\/\/www.gruen-gmbh.de\/wp-content\/uploads\/2020\/12\/Gruen_Besuch_A_Albert_web.jpg\",\"articleSection\":[\"Allgemein\"],\"inLanguage\":\"en-US\"},{\"@type\":\"WebPage\",\"@id\":\"https:\/\/www.gruen-gmbh.de\/en\/die-gruen-gmbh-unterstuetzt-die-stiftung-fuer-innovative-medizin-2\/\",\"url\":\"https:\/\/www.gruen-gmbh.de\/en\/die-gruen-gmbh-unterstuetzt-die-stiftung-fuer-innovative-medizin-2\/\",\"name\":\"Die GR\u00dcN GmbH unterst\u00fctzt die Stiftung f\u00fcr Innovative Medizin - Gr\u00fcn GmbH\",\"isPartOf\":{\"@id\":\"https:\/\/www.gruen-gmbh.de\/en\/#website\"},\"primaryImageOfPage\":{\"@id\":\"https:\/\/www.gruen-gmbh.de\/en\/die-gruen-gmbh-unterstuetzt-die-stiftung-fuer-innovative-medizin-2\/#primaryimage\"},\"image\":{\"@id\":\"https:\/\/www.gruen-gmbh.de\/en\/die-gruen-gmbh-unterstuetzt-die-stiftung-fuer-innovative-medizin-2\/#primaryimage\"},\"thumbnailUrl\":\"https:\/\/www.gruen-gmbh.de\/wp-content\/uploads\/2020\/12\/Gruen_Besuch_A_Albert_web.jpg\",\"datePublished\":\"2020-12-17T12:55:59+00:00\",\"breadcrumb\":{\"@id\":\"https:\/\/www.gruen-gmbh.de\/en\/die-gruen-gmbh-unterstuetzt-die-stiftung-fuer-innovative-medizin-2\/#breadcrumb\"},\"inLanguage\":\"en-US\",\"potentialAction\":[{\"@type\":\"ReadAction\",\"target\":[\"https:\/\/www.gruen-gmbh.de\/en\/die-gruen-gmbh-unterstuetzt-die-stiftung-fuer-innovative-medizin-2\/\"]}]},{\"@type\":\"ImageObject\",\"inLanguage\":\"en-US\",\"@id\":\"https:\/\/www.gruen-gmbh.de\/en\/die-gruen-gmbh-unterstuetzt-die-stiftung-fuer-innovative-medizin-2\/#primaryimage\",\"url\":\"https:\/\/www.gruen-gmbh.de\/wp-content\/uploads\/2020\/12\/Gruen_Besuch_A_Albert_web.jpg\",\"contentUrl\":\"https:\/\/www.gruen-gmbh.de\/wp-content\/uploads\/2020\/12\/Gruen_Besuch_A_Albert_web.jpg\",\"width\":800,\"height\":600},{\"@type\":\"BreadcrumbList\",\"@id\":\"https:\/\/www.gruen-gmbh.de\/en\/die-gruen-gmbh-unterstuetzt-die-stiftung-fuer-innovative-medizin-2\/#breadcrumb\",\"itemListElement\":[{\"@type\":\"ListItem\",\"position\":1,\"name\":\"Startseite\",\"item\":\"https:\/\/www.gruen-gmbh.de\/\"},{\"@type\":\"ListItem\",\"position\":2,\"name\":\"Die GR\u00dcN GmbH unterst\u00fctzt die Stiftung f\u00fcr Innovative Medizin\"}]},{\"@type\":\"WebSite\",\"@id\":\"https:\/\/www.gruen-gmbh.de\/en\/#website\",\"url\":\"https:\/\/www.gruen-gmbh.de\/en\/\",\"name\":\"Gr\u00fcn GmbH\",\"description\":\"\",\"publisher\":{\"@id\":\"https:\/\/www.gruen-gmbh.de\/en\/#organization\"},\"potentialAction\":[{\"@type\":\"SearchAction\",\"target\":{\"@type\":\"EntryPoint\",\"urlTemplate\":\"https:\/\/www.gruen-gmbh.de\/en\/?s={search_term_string}\"},\"query-input\":{\"@type\":\"PropertyValueSpecification\",\"valueRequired\":true,\"valueName\":\"search_term_string\"}}],\"inLanguage\":\"en-US\"},{\"@type\":\"Organization\",\"@id\":\"https:\/\/www.gruen-gmbh.de\/en\/#organization\",\"name\":\"Gr\u00fcn GmbH\",\"url\":\"https:\/\/www.gruen-gmbh.de\/en\/\",\"logo\":{\"@type\":\"ImageObject\",\"inLanguage\":\"en-US\",\"@id\":\"https:\/\/www.gruen-gmbh.de\/en\/#\/schema\/logo\/image\/\",\"url\":\"https:\/\/www.gruen-gmbh.de\/wp-content\/uploads\/2024\/07\/gruen-logo.webp\",\"contentUrl\":\"https:\/\/www.gruen-gmbh.de\/wp-content\/uploads\/2024\/07\/gruen-logo.webp\",\"width\":672,\"height\":164,\"caption\":\"Gr\u00fcn GmbH\"},\"image\":{\"@id\":\"https:\/\/www.gruen-gmbh.de\/en\/#\/schema\/logo\/image\/\"}},{\"@type\":\"Person\",\"@id\":\"https:\/\/www.gruen-gmbh.de\/en\/#\/schema\/person\/81c32ab546dc94b830590c65741e83be\",\"name\":\"admin\",\"sameAs\":[\"https:\/\/gruen-gmbh.de\"],\"url\":\"https:\/\/www.gruen-gmbh.de\/en\/author\/admin\/\"}]}<\/script>\n<!-- \/ Yoast SEO plugin. -->","yoast_head_json":{"title":"Die GR\u00dcN GmbH unterst\u00fctzt die Stiftung f\u00fcr Innovative Medizin - Gr\u00fcn GmbH","robots":{"index":"index","follow":"follow","max-snippet":"max-snippet:-1","max-image-preview":"max-image-preview:large","max-video-preview":"max-video-preview:-1"},"canonical":"https:\/\/www.gruen-gmbh.de\/en\/die-gruen-gmbh-unterstuetzt-die-stiftung-fuer-innovative-medizin-2\/","og_locale":"en_US","og_type":"article","og_title":"Die GR\u00dcN GmbH unterst\u00fctzt die Stiftung f\u00fcr Innovative Medizin - Gr\u00fcn GmbH","og_description":"Ein Jahr, das sicher f\u00fcr jeden ungewohnte Herausforderungen mit sich brachte, geht zu Ende. Wie schon Ende 2019 haben wir am 16.12.2020 wieder Antje Albert in die GR\u00dcN GmbH eingeladen. Frau Albert setzt sich mit BEN hilft f\u00fcr die Erforschung von Behandlungsm\u00f6glichkeiten zur Bek\u00e4mpfung von DIPG ein \u2013 die Krankheit, die der Familie 2019 ihren [&hellip;]","og_url":"https:\/\/www.gruen-gmbh.de\/en\/die-gruen-gmbh-unterstuetzt-die-stiftung-fuer-innovative-medizin-2\/","og_site_name":"Gr\u00fcn GmbH","article_published_time":"2020-12-17T12:55:59+00:00","og_image":[{"width":800,"height":600,"url":"https:\/\/www.gruen-gmbh.de\/wp-content\/uploads\/2020\/12\/Gruen_Besuch_A_Albert_web.jpg","type":"image\/jpeg"}],"author":"admin","twitter_card":"summary_large_image","twitter_misc":{"Written by":"admin","Est. reading time":"2 minutes"},"schema":{"@context":"https:\/\/schema.org","@graph":[{"@type":"Article","@id":"https:\/\/www.gruen-gmbh.de\/en\/die-gruen-gmbh-unterstuetzt-die-stiftung-fuer-innovative-medizin-2\/#article","isPartOf":{"@id":"https:\/\/www.gruen-gmbh.de\/en\/die-gruen-gmbh-unterstuetzt-die-stiftung-fuer-innovative-medizin-2\/"},"author":{"name":"admin","@id":"https:\/\/www.gruen-gmbh.de\/en\/#\/schema\/person\/81c32ab546dc94b830590c65741e83be"},"headline":"Die GR\u00dcN GmbH unterst\u00fctzt die Stiftung f\u00fcr Innovative Medizin","datePublished":"2020-12-17T12:55:59+00:00","mainEntityOfPage":{"@id":"https:\/\/www.gruen-gmbh.de\/en\/die-gruen-gmbh-unterstuetzt-die-stiftung-fuer-innovative-medizin-2\/"},"wordCount":322,"publisher":{"@id":"https:\/\/www.gruen-gmbh.de\/en\/#organization"},"image":{"@id":"https:\/\/www.gruen-gmbh.de\/en\/die-gruen-gmbh-unterstuetzt-die-stiftung-fuer-innovative-medizin-2\/#primaryimage"},"thumbnailUrl":"https:\/\/www.gruen-gmbh.de\/wp-content\/uploads\/2020\/12\/Gruen_Besuch_A_Albert_web.jpg","articleSection":["Allgemein"],"inLanguage":"en-US"},{"@type":"WebPage","@id":"https:\/\/www.gruen-gmbh.de\/en\/die-gruen-gmbh-unterstuetzt-die-stiftung-fuer-innovative-medizin-2\/","url":"https:\/\/www.gruen-gmbh.de\/en\/die-gruen-gmbh-unterstuetzt-die-stiftung-fuer-innovative-medizin-2\/","name":"Die GR\u00dcN GmbH unterst\u00fctzt die Stiftung f\u00fcr Innovative Medizin - Gr\u00fcn GmbH","isPartOf":{"@id":"https:\/\/www.gruen-gmbh.de\/en\/#website"},"primaryImageOfPage":{"@id":"https:\/\/www.gruen-gmbh.de\/en\/die-gruen-gmbh-unterstuetzt-die-stiftung-fuer-innovative-medizin-2\/#primaryimage"},"image":{"@id":"https:\/\/www.gruen-gmbh.de\/en\/die-gruen-gmbh-unterstuetzt-die-stiftung-fuer-innovative-medizin-2\/#primaryimage"},"thumbnailUrl":"https:\/\/www.gruen-gmbh.de\/wp-content\/uploads\/2020\/12\/Gruen_Besuch_A_Albert_web.jpg","datePublished":"2020-12-17T12:55:59+00:00","breadcrumb":{"@id":"https:\/\/www.gruen-gmbh.de\/en\/die-gruen-gmbh-unterstuetzt-die-stiftung-fuer-innovative-medizin-2\/#breadcrumb"},"inLanguage":"en-US","potentialAction":[{"@type":"ReadAction","target":["https:\/\/www.gruen-gmbh.de\/en\/die-gruen-gmbh-unterstuetzt-die-stiftung-fuer-innovative-medizin-2\/"]}]},{"@type":"ImageObject","inLanguage":"en-US","@id":"https:\/\/www.gruen-gmbh.de\/en\/die-gruen-gmbh-unterstuetzt-die-stiftung-fuer-innovative-medizin-2\/#primaryimage","url":"https:\/\/www.gruen-gmbh.de\/wp-content\/uploads\/2020\/12\/Gruen_Besuch_A_Albert_web.jpg","contentUrl":"https:\/\/www.gruen-gmbh.de\/wp-content\/uploads\/2020\/12\/Gruen_Besuch_A_Albert_web.jpg","width":800,"height":600},{"@type":"BreadcrumbList","@id":"https:\/\/www.gruen-gmbh.de\/en\/die-gruen-gmbh-unterstuetzt-die-stiftung-fuer-innovative-medizin-2\/#breadcrumb","itemListElement":[{"@type":"ListItem","position":1,"name":"Startseite","item":"https:\/\/www.gruen-gmbh.de\/"},{"@type":"ListItem","position":2,"name":"Die GR\u00dcN GmbH unterst\u00fctzt die Stiftung f\u00fcr Innovative Medizin"}]},{"@type":"WebSite","@id":"https:\/\/www.gruen-gmbh.de\/en\/#website","url":"https:\/\/www.gruen-gmbh.de\/en\/","name":"Gr\u00fcn GmbH","description":"","publisher":{"@id":"https:\/\/www.gruen-gmbh.de\/en\/#organization"},"potentialAction":[{"@type":"SearchAction","target":{"@type":"EntryPoint","urlTemplate":"https:\/\/www.gruen-gmbh.de\/en\/?s={search_term_string}"},"query-input":{"@type":"PropertyValueSpecification","valueRequired":true,"valueName":"search_term_string"}}],"inLanguage":"en-US"},{"@type":"Organization","@id":"https:\/\/www.gruen-gmbh.de\/en\/#organization","name":"Gr\u00fcn GmbH","url":"https:\/\/www.gruen-gmbh.de\/en\/","logo":{"@type":"ImageObject","inLanguage":"en-US","@id":"https:\/\/www.gruen-gmbh.de\/en\/#\/schema\/logo\/image\/","url":"https:\/\/www.gruen-gmbh.de\/wp-content\/uploads\/2024\/07\/gruen-logo.webp","contentUrl":"https:\/\/www.gruen-gmbh.de\/wp-content\/uploads\/2024\/07\/gruen-logo.webp","width":672,"height":164,"caption":"Gr\u00fcn GmbH"},"image":{"@id":"https:\/\/www.gruen-gmbh.de\/en\/#\/schema\/logo\/image\/"}},{"@type":"Person","@id":"https:\/\/www.gruen-gmbh.de\/en\/#\/schema\/person\/81c32ab546dc94b830590c65741e83be","name":"admin","sameAs":["https:\/\/gruen-gmbh.de"],"url":"https:\/\/www.gruen-gmbh.de\/en\/author\/admin\/"}]}},"_links":{"self":[{"href":"https:\/\/www.gruen-gmbh.de\/en\/wp-json\/wp\/v2\/posts\/33351","targetHints":{"allow":["GET"]}}],"collection":[{"href":"https:\/\/www.gruen-gmbh.de\/en\/wp-json\/wp\/v2\/posts"}],"about":[{"href":"https:\/\/www.gruen-gmbh.de\/en\/wp-json\/wp\/v2\/types\/post"}],"author":[{"embeddable":true,"href":"https:\/\/www.gruen-gmbh.de\/en\/wp-json\/wp\/v2\/users\/1"}],"replies":[{"embeddable":true,"href":"https:\/\/www.gruen-gmbh.de\/en\/wp-json\/wp\/v2\/comments?post=33351"}],"version-history":[{"count":0,"href":"https:\/\/www.gruen-gmbh.de\/en\/wp-json\/wp\/v2\/posts\/33351\/revisions"}],"wp:featuredmedia":[{"embeddable":true,"href":"https:\/\/www.gruen-gmbh.de\/en\/wp-json\/wp\/v2\/media\/33352"}],"wp:attachment":[{"href":"https:\/\/www.gruen-gmbh.de\/en\/wp-json\/wp\/v2\/media?parent=33351"}],"wp:term":[{"taxonomy":"category","embeddable":true,"href":"https:\/\/www.gruen-gmbh.de\/en\/wp-json\/wp\/v2\/categories?post=33351"},{"taxonomy":"post_tag","embeddable":true,"href":"https:\/\/www.gruen-gmbh.de\/en\/wp-json\/wp\/v2\/tags?post=33351"}],"curies":[{"name":"wp","href":"https:\/\/api.w.org\/{rel}","templated":true}]}}