{"id":33741,"date":"2021-05-25T15:02:16","date_gmt":"2021-05-25T13:02:16","guid":{"rendered":"https:\/\/gruen-gmbh.de\/?p=33741"},"modified":"2021-05-25T15:02:16","modified_gmt":"2021-05-25T13:02:16","slug":"unsere-tochterfirma-winter-markiertechnik-gmbh-zieht-um","status":"publish","type":"post","link":"https:\/\/www.gruen-gmbh.de\/en\/unsere-tochterfirma-winter-markiertechnik-gmbh-zieht-um\/","title":{"rendered":"Unsere Tochterfirma WINTER Markiertechnik GmbH zieht um!"},"content":{"rendered":"<p>Zuk\u00fcnftig stehen uns ca. 40 % gr\u00f6\u00dfere Produktions- und B\u00fcrofl\u00e4chen an unserem<br \/>\nneuen Produktionsstandort in Schleswig-Holstein zur Verf\u00fcgung.<\/p>\n<p>Ab September 2021 lautet unsere Adresse im Norden:<br \/>\n<strong>Luisenberger Stra\u00dfe 1a &#8211; 25548 Kellinghusen<\/strong><\/p>\n<p>Der zuk\u00fcnftige Standort befindet sich nur 7 km von der bisherigen Adresse in Fitzbek entfernt.<\/p>\n<p>Wir freuen uns auf eine weiterhin gute Zusammenarbeit.<\/p>\n<p><em><strong>Euer WINTER Markiertechnik-Team<\/strong><\/em><\/p>\n<p>Wir halten Euch auf dem Laufenden!<\/p>\n<p>&nbsp;<\/p>\n<p><strong>Aktuelle Telefon-Durchwahlen im Standort Fitzbek:<\/strong><\/p>\n<p>Zentrale\/Vertrieb:<br \/>\n0049 43 24 &#8211; 88 108-0 bzw. 0049 43 24 &#8211; 88 108-10<\/p>\n<p>Technischer Support\/Werkstatt (Tim Mielke\/Mike Schmitt):<br \/>\n0049 43 24 &#8211; 88 108-16<\/p>\n<p>&nbsp;<\/p>\n<p>[button stil=&#8220;auto&#8220; text=&#8220;Zur Homepage&#8220; url=&#8220;https:\/\/www.winter-markiertechnik.com&#8220; target=&#8220;blank&#8220;]<\/p>","protected":false},"excerpt":{"rendered":"<p>Zuk\u00fcnftig stehen uns ca. 40 % gr\u00f6\u00dfere Produktions- und B\u00fcrofl\u00e4chen an unserem neuen Produktionsstandort in Schleswig-Holstein zur Verf\u00fcgung. Ab September 2021 lautet unsere Adresse im Norden: Luisenberger Stra\u00dfe 1a &#8211; 25548 Kellinghusen Der zuk\u00fcnftige Standort befindet sich nur 7 km von der bisherigen Adresse in Fitzbek entfernt. Wir freuen uns auf eine weiterhin gute Zusammenarbeit. [&hellip;]<\/p>","protected":false},"author":1,"featured_media":33740,"comment_status":"closed","ping_status":"closed","sticky":false,"template":"","format":"standard","meta":{"footnotes":""},"categories":[155],"tags":[],"class_list":["post-33741","post","type-post","status-publish","format-standard","has-post-thumbnail","hentry","category-allgemein"],"yoast_head":"<!-- This site is optimized with the Yoast SEO plugin v26.3 - https:\/\/yoast.com\/wordpress\/plugins\/seo\/ -->\n<title>Unsere Tochterfirma WINTER Markiertechnik GmbH zieht um! - Gr\u00fcn GmbH<\/title>\n<meta name=\"robots\" content=\"index, follow, max-snippet:-1, max-image-preview:large, max-video-preview:-1\" \/>\n<link rel=\"canonical\" href=\"https:\/\/www.gruen-gmbh.de\/en\/unsere-tochterfirma-winter-markiertechnik-gmbh-zieht-um\/\" \/>\n<meta property=\"og:locale\" content=\"en_US\" \/>\n<meta property=\"og:type\" content=\"article\" \/>\n<meta property=\"og:title\" content=\"Unsere Tochterfirma WINTER Markiertechnik GmbH zieht um! - Gr\u00fcn GmbH\" \/>\n<meta property=\"og:description\" content=\"Zuk\u00fcnftig stehen uns ca. 40 % gr\u00f6\u00dfere Produktions- und B\u00fcrofl\u00e4chen an unserem neuen Produktionsstandort in Schleswig-Holstein zur Verf\u00fcgung. Ab September 2021 lautet unsere Adresse im Norden: Luisenberger Stra\u00dfe 1a &#8211; 25548 Kellinghusen Der zuk\u00fcnftige Standort befindet sich nur 7 km von der bisherigen Adresse in Fitzbek entfernt. Wir freuen uns auf eine weiterhin gute Zusammenarbeit. [&hellip;]\" \/>\n<meta property=\"og:url\" content=\"https:\/\/www.gruen-gmbh.de\/en\/unsere-tochterfirma-winter-markiertechnik-gmbh-zieht-um\/\" \/>\n<meta property=\"og:site_name\" content=\"Gr\u00fcn GmbH\" \/>\n<meta property=\"article:published_time\" content=\"2021-05-25T13:02:16+00:00\" \/>\n<meta property=\"og:image\" content=\"https:\/\/www.gruen-gmbh.de\/wp-content\/uploads\/2021\/05\/Umzug_Facebook.jpg\" \/>\n\t<meta property=\"og:image:width\" content=\"1200\" \/>\n\t<meta property=\"og:image:height\" content=\"1200\" \/>\n\t<meta property=\"og:image:type\" content=\"image\/jpeg\" \/>\n<meta name=\"author\" content=\"admin\" \/>\n<meta name=\"twitter:card\" content=\"summary_large_image\" \/>\n<meta name=\"twitter:label1\" content=\"Written by\" \/>\n\t<meta name=\"twitter:data1\" content=\"admin\" \/>\n\t<meta name=\"twitter:label2\" content=\"Est. reading time\" \/>\n\t<meta name=\"twitter:data2\" content=\"1 minute\" \/>\n<script type=\"application\/ld+json\" class=\"yoast-schema-graph\">{\"@context\":\"https:\/\/schema.org\",\"@graph\":[{\"@type\":\"Article\",\"@id\":\"https:\/\/www.gruen-gmbh.de\/unsere-tochterfirma-winter-markiertechnik-gmbh-zieht-um\/#article\",\"isPartOf\":{\"@id\":\"https:\/\/www.gruen-gmbh.de\/unsere-tochterfirma-winter-markiertechnik-gmbh-zieht-um\/\"},\"author\":{\"name\":\"admin\",\"@id\":\"https:\/\/www.gruen-gmbh.de\/en\/#\/schema\/person\/81c32ab546dc94b830590c65741e83be\"},\"headline\":\"Unsere Tochterfirma WINTER Markiertechnik GmbH zieht um!\",\"datePublished\":\"2021-05-25T13:02:16+00:00\",\"mainEntityOfPage\":{\"@id\":\"https:\/\/www.gruen-gmbh.de\/unsere-tochterfirma-winter-markiertechnik-gmbh-zieht-um\/\"},\"wordCount\":109,\"publisher\":{\"@id\":\"https:\/\/www.gruen-gmbh.de\/en\/#organization\"},\"image\":{\"@id\":\"https:\/\/www.gruen-gmbh.de\/unsere-tochterfirma-winter-markiertechnik-gmbh-zieht-um\/#primaryimage\"},\"thumbnailUrl\":\"https:\/\/www.gruen-gmbh.de\/wp-content\/uploads\/2021\/05\/Umzug_Facebook.jpg\",\"articleSection\":[\"Allgemein\"],\"inLanguage\":\"en-US\"},{\"@type\":\"WebPage\",\"@id\":\"https:\/\/www.gruen-gmbh.de\/unsere-tochterfirma-winter-markiertechnik-gmbh-zieht-um\/\",\"url\":\"https:\/\/www.gruen-gmbh.de\/unsere-tochterfirma-winter-markiertechnik-gmbh-zieht-um\/\",\"name\":\"Unsere Tochterfirma WINTER Markiertechnik GmbH zieht um! - Gr\u00fcn GmbH\",\"isPartOf\":{\"@id\":\"https:\/\/www.gruen-gmbh.de\/en\/#website\"},\"primaryImageOfPage\":{\"@id\":\"https:\/\/www.gruen-gmbh.de\/unsere-tochterfirma-winter-markiertechnik-gmbh-zieht-um\/#primaryimage\"},\"image\":{\"@id\":\"https:\/\/www.gruen-gmbh.de\/unsere-tochterfirma-winter-markiertechnik-gmbh-zieht-um\/#primaryimage\"},\"thumbnailUrl\":\"https:\/\/www.gruen-gmbh.de\/wp-content\/uploads\/2021\/05\/Umzug_Facebook.jpg\",\"datePublished\":\"2021-05-25T13:02:16+00:00\",\"breadcrumb\":{\"@id\":\"https:\/\/www.gruen-gmbh.de\/unsere-tochterfirma-winter-markiertechnik-gmbh-zieht-um\/#breadcrumb\"},\"inLanguage\":\"en-US\",\"potentialAction\":[{\"@type\":\"ReadAction\",\"target\":[\"https:\/\/www.gruen-gmbh.de\/unsere-tochterfirma-winter-markiertechnik-gmbh-zieht-um\/\"]}]},{\"@type\":\"ImageObject\",\"inLanguage\":\"en-US\",\"@id\":\"https:\/\/www.gruen-gmbh.de\/unsere-tochterfirma-winter-markiertechnik-gmbh-zieht-um\/#primaryimage\",\"url\":\"https:\/\/www.gruen-gmbh.de\/wp-content\/uploads\/2021\/05\/Umzug_Facebook.jpg\",\"contentUrl\":\"https:\/\/www.gruen-gmbh.de\/wp-content\/uploads\/2021\/05\/Umzug_Facebook.jpg\",\"width\":1200,\"height\":1200},{\"@type\":\"BreadcrumbList\",\"@id\":\"https:\/\/www.gruen-gmbh.de\/unsere-tochterfirma-winter-markiertechnik-gmbh-zieht-um\/#breadcrumb\",\"itemListElement\":[{\"@type\":\"ListItem\",\"position\":1,\"name\":\"Startseite\",\"item\":\"https:\/\/www.gruen-gmbh.de\/\"},{\"@type\":\"ListItem\",\"position\":2,\"name\":\"Unsere Tochterfirma WINTER Markiertechnik GmbH zieht um!\"}]},{\"@type\":\"WebSite\",\"@id\":\"https:\/\/www.gruen-gmbh.de\/en\/#website\",\"url\":\"https:\/\/www.gruen-gmbh.de\/en\/\",\"name\":\"Gr\u00fcn GmbH\",\"description\":\"\",\"publisher\":{\"@id\":\"https:\/\/www.gruen-gmbh.de\/en\/#organization\"},\"potentialAction\":[{\"@type\":\"SearchAction\",\"target\":{\"@type\":\"EntryPoint\",\"urlTemplate\":\"https:\/\/www.gruen-gmbh.de\/en\/?s={search_term_string}\"},\"query-input\":{\"@type\":\"PropertyValueSpecification\",\"valueRequired\":true,\"valueName\":\"search_term_string\"}}],\"inLanguage\":\"en-US\"},{\"@type\":\"Organization\",\"@id\":\"https:\/\/www.gruen-gmbh.de\/en\/#organization\",\"name\":\"Gr\u00fcn GmbH\",\"url\":\"https:\/\/www.gruen-gmbh.de\/en\/\",\"logo\":{\"@type\":\"ImageObject\",\"inLanguage\":\"en-US\",\"@id\":\"https:\/\/www.gruen-gmbh.de\/en\/#\/schema\/logo\/image\/\",\"url\":\"https:\/\/www.gruen-gmbh.de\/wp-content\/uploads\/2024\/07\/gruen-logo.webp\",\"contentUrl\":\"https:\/\/www.gruen-gmbh.de\/wp-content\/uploads\/2024\/07\/gruen-logo.webp\",\"width\":672,\"height\":164,\"caption\":\"Gr\u00fcn GmbH\"},\"image\":{\"@id\":\"https:\/\/www.gruen-gmbh.de\/en\/#\/schema\/logo\/image\/\"}},{\"@type\":\"Person\",\"@id\":\"https:\/\/www.gruen-gmbh.de\/en\/#\/schema\/person\/81c32ab546dc94b830590c65741e83be\",\"name\":\"admin\",\"sameAs\":[\"https:\/\/gruen-gmbh.de\"],\"url\":\"https:\/\/www.gruen-gmbh.de\/en\/author\/admin\/\"}]}<\/script>\n<!-- \/ Yoast SEO plugin. -->","yoast_head_json":{"title":"Unsere Tochterfirma WINTER Markiertechnik GmbH zieht um! - Gr\u00fcn GmbH","robots":{"index":"index","follow":"follow","max-snippet":"max-snippet:-1","max-image-preview":"max-image-preview:large","max-video-preview":"max-video-preview:-1"},"canonical":"https:\/\/www.gruen-gmbh.de\/en\/unsere-tochterfirma-winter-markiertechnik-gmbh-zieht-um\/","og_locale":"en_US","og_type":"article","og_title":"Unsere Tochterfirma WINTER Markiertechnik GmbH zieht um! - Gr\u00fcn GmbH","og_description":"Zuk\u00fcnftig stehen uns ca. 40 % gr\u00f6\u00dfere Produktions- und B\u00fcrofl\u00e4chen an unserem neuen Produktionsstandort in Schleswig-Holstein zur Verf\u00fcgung. Ab September 2021 lautet unsere Adresse im Norden: Luisenberger Stra\u00dfe 1a &#8211; 25548 Kellinghusen Der zuk\u00fcnftige Standort befindet sich nur 7 km von der bisherigen Adresse in Fitzbek entfernt. Wir freuen uns auf eine weiterhin gute Zusammenarbeit. [&hellip;]","og_url":"https:\/\/www.gruen-gmbh.de\/en\/unsere-tochterfirma-winter-markiertechnik-gmbh-zieht-um\/","og_site_name":"Gr\u00fcn GmbH","article_published_time":"2021-05-25T13:02:16+00:00","og_image":[{"width":1200,"height":1200,"url":"https:\/\/www.gruen-gmbh.de\/wp-content\/uploads\/2021\/05\/Umzug_Facebook.jpg","type":"image\/jpeg"}],"author":"admin","twitter_card":"summary_large_image","twitter_misc":{"Written by":"admin","Est. reading time":"1 minute"},"schema":{"@context":"https:\/\/schema.org","@graph":[{"@type":"Article","@id":"https:\/\/www.gruen-gmbh.de\/unsere-tochterfirma-winter-markiertechnik-gmbh-zieht-um\/#article","isPartOf":{"@id":"https:\/\/www.gruen-gmbh.de\/unsere-tochterfirma-winter-markiertechnik-gmbh-zieht-um\/"},"author":{"name":"admin","@id":"https:\/\/www.gruen-gmbh.de\/en\/#\/schema\/person\/81c32ab546dc94b830590c65741e83be"},"headline":"Unsere Tochterfirma WINTER Markiertechnik GmbH zieht um!","datePublished":"2021-05-25T13:02:16+00:00","mainEntityOfPage":{"@id":"https:\/\/www.gruen-gmbh.de\/unsere-tochterfirma-winter-markiertechnik-gmbh-zieht-um\/"},"wordCount":109,"publisher":{"@id":"https:\/\/www.gruen-gmbh.de\/en\/#organization"},"image":{"@id":"https:\/\/www.gruen-gmbh.de\/unsere-tochterfirma-winter-markiertechnik-gmbh-zieht-um\/#primaryimage"},"thumbnailUrl":"https:\/\/www.gruen-gmbh.de\/wp-content\/uploads\/2021\/05\/Umzug_Facebook.jpg","articleSection":["Allgemein"],"inLanguage":"en-US"},{"@type":"WebPage","@id":"https:\/\/www.gruen-gmbh.de\/unsere-tochterfirma-winter-markiertechnik-gmbh-zieht-um\/","url":"https:\/\/www.gruen-gmbh.de\/unsere-tochterfirma-winter-markiertechnik-gmbh-zieht-um\/","name":"Unsere Tochterfirma WINTER Markiertechnik GmbH zieht um! - Gr\u00fcn GmbH","isPartOf":{"@id":"https:\/\/www.gruen-gmbh.de\/en\/#website"},"primaryImageOfPage":{"@id":"https:\/\/www.gruen-gmbh.de\/unsere-tochterfirma-winter-markiertechnik-gmbh-zieht-um\/#primaryimage"},"image":{"@id":"https:\/\/www.gruen-gmbh.de\/unsere-tochterfirma-winter-markiertechnik-gmbh-zieht-um\/#primaryimage"},"thumbnailUrl":"https:\/\/www.gruen-gmbh.de\/wp-content\/uploads\/2021\/05\/Umzug_Facebook.jpg","datePublished":"2021-05-25T13:02:16+00:00","breadcrumb":{"@id":"https:\/\/www.gruen-gmbh.de\/unsere-tochterfirma-winter-markiertechnik-gmbh-zieht-um\/#breadcrumb"},"inLanguage":"en-US","potentialAction":[{"@type":"ReadAction","target":["https:\/\/www.gruen-gmbh.de\/unsere-tochterfirma-winter-markiertechnik-gmbh-zieht-um\/"]}]},{"@type":"ImageObject","inLanguage":"en-US","@id":"https:\/\/www.gruen-gmbh.de\/unsere-tochterfirma-winter-markiertechnik-gmbh-zieht-um\/#primaryimage","url":"https:\/\/www.gruen-gmbh.de\/wp-content\/uploads\/2021\/05\/Umzug_Facebook.jpg","contentUrl":"https:\/\/www.gruen-gmbh.de\/wp-content\/uploads\/2021\/05\/Umzug_Facebook.jpg","width":1200,"height":1200},{"@type":"BreadcrumbList","@id":"https:\/\/www.gruen-gmbh.de\/unsere-tochterfirma-winter-markiertechnik-gmbh-zieht-um\/#breadcrumb","itemListElement":[{"@type":"ListItem","position":1,"name":"Startseite","item":"https:\/\/www.gruen-gmbh.de\/"},{"@type":"ListItem","position":2,"name":"Unsere Tochterfirma WINTER Markiertechnik GmbH zieht um!"}]},{"@type":"WebSite","@id":"https:\/\/www.gruen-gmbh.de\/en\/#website","url":"https:\/\/www.gruen-gmbh.de\/en\/","name":"Gr\u00fcn GmbH","description":"","publisher":{"@id":"https:\/\/www.gruen-gmbh.de\/en\/#organization"},"potentialAction":[{"@type":"SearchAction","target":{"@type":"EntryPoint","urlTemplate":"https:\/\/www.gruen-gmbh.de\/en\/?s={search_term_string}"},"query-input":{"@type":"PropertyValueSpecification","valueRequired":true,"valueName":"search_term_string"}}],"inLanguage":"en-US"},{"@type":"Organization","@id":"https:\/\/www.gruen-gmbh.de\/en\/#organization","name":"Gr\u00fcn GmbH","url":"https:\/\/www.gruen-gmbh.de\/en\/","logo":{"@type":"ImageObject","inLanguage":"en-US","@id":"https:\/\/www.gruen-gmbh.de\/en\/#\/schema\/logo\/image\/","url":"https:\/\/www.gruen-gmbh.de\/wp-content\/uploads\/2024\/07\/gruen-logo.webp","contentUrl":"https:\/\/www.gruen-gmbh.de\/wp-content\/uploads\/2024\/07\/gruen-logo.webp","width":672,"height":164,"caption":"Gr\u00fcn GmbH"},"image":{"@id":"https:\/\/www.gruen-gmbh.de\/en\/#\/schema\/logo\/image\/"}},{"@type":"Person","@id":"https:\/\/www.gruen-gmbh.de\/en\/#\/schema\/person\/81c32ab546dc94b830590c65741e83be","name":"admin","sameAs":["https:\/\/gruen-gmbh.de"],"url":"https:\/\/www.gruen-gmbh.de\/en\/author\/admin\/"}]}},"_links":{"self":[{"href":"https:\/\/www.gruen-gmbh.de\/en\/wp-json\/wp\/v2\/posts\/33741","targetHints":{"allow":["GET"]}}],"collection":[{"href":"https:\/\/www.gruen-gmbh.de\/en\/wp-json\/wp\/v2\/posts"}],"about":[{"href":"https:\/\/www.gruen-gmbh.de\/en\/wp-json\/wp\/v2\/types\/post"}],"author":[{"embeddable":true,"href":"https:\/\/www.gruen-gmbh.de\/en\/wp-json\/wp\/v2\/users\/1"}],"replies":[{"embeddable":true,"href":"https:\/\/www.gruen-gmbh.de\/en\/wp-json\/wp\/v2\/comments?post=33741"}],"version-history":[{"count":0,"href":"https:\/\/www.gruen-gmbh.de\/en\/wp-json\/wp\/v2\/posts\/33741\/revisions"}],"wp:featuredmedia":[{"embeddable":true,"href":"https:\/\/www.gruen-gmbh.de\/en\/wp-json\/wp\/v2\/media\/33740"}],"wp:attachment":[{"href":"https:\/\/www.gruen-gmbh.de\/en\/wp-json\/wp\/v2\/media?parent=33741"}],"wp:term":[{"taxonomy":"category","embeddable":true,"href":"https:\/\/www.gruen-gmbh.de\/en\/wp-json\/wp\/v2\/categories?post=33741"},{"taxonomy":"post_tag","embeddable":true,"href":"https:\/\/www.gruen-gmbh.de\/en\/wp-json\/wp\/v2\/tags?post=33741"}],"curies":[{"name":"wp","href":"https:\/\/api.w.org\/{rel}","templated":true}]}}