{"id":33886,"date":"2021-09-03T11:47:52","date_gmt":"2021-09-03T09:47:52","guid":{"rendered":"https:\/\/gruen-gmbh.de\/?p=33886"},"modified":"2021-09-03T11:47:52","modified_gmt":"2021-09-03T09:47:52","slug":"herzlich-willkommen-im-gruen-team","status":"publish","type":"post","link":"https:\/\/www.gruen-gmbh.de\/en\/herzlich-willkommen-im-gruen-team\/","title":{"rendered":"Herzlich Willkommen im GR\u00dcN-Team!"},"content":{"rendered":"<p>Heute fand das Kennenlernen zwischen den neuen Auszubildenden und unserem Gesch\u00e4ftsf\u00fchrer statt, auch unser Ausbildungsleiter war mit von der Partie.<br \/>\nWir freuen uns riesig \u00fcber die Verst\u00e4rkung, w\u00fcnschen Euch und uns einen guten Start, alles Gute und viel Erfolg!<\/p>\n<p>Unsere neuen Auszubildenden absolvieren ihre Ausbildungen als Elektroniker f\u00fcr Automatisierungstechnik, Konstruktionsmechaniker und Industriemechaniker.  <\/p>\n<p>So muss es sein in einer \u201eSPEZIALMASCHINENFABRIK\u201c\u2026<\/p>","protected":false},"excerpt":{"rendered":"<p>Heute fand das Kennenlernen zwischen den neuen Auszubildenden und unserem Gesch\u00e4ftsf\u00fchrer statt, auch unser Ausbildungsleiter war mit von der Partie. Wir freuen uns riesig \u00fcber die Verst\u00e4rkung, w\u00fcnschen Euch und uns einen guten Start, alles Gute und viel Erfolg! Unsere neuen Auszubildenden absolvieren ihre Ausbildungen als Elektroniker f\u00fcr Automatisierungstechnik, Konstruktionsmechaniker und Industriemechaniker. So muss es [&hellip;]<\/p>","protected":false},"author":1,"featured_media":33885,"comment_status":"closed","ping_status":"closed","sticky":false,"template":"","format":"standard","meta":{"footnotes":""},"categories":[155],"tags":[],"class_list":["post-33886","post","type-post","status-publish","format-standard","has-post-thumbnail","hentry","category-allgemein"],"yoast_head":"<!-- This site is optimized with the Yoast SEO plugin v26.3 - https:\/\/yoast.com\/wordpress\/plugins\/seo\/ -->\n<title>Herzlich Willkommen im GR\u00dcN-Team! - Gr\u00fcn GmbH<\/title>\n<meta name=\"robots\" content=\"index, follow, max-snippet:-1, max-image-preview:large, max-video-preview:-1\" \/>\n<link rel=\"canonical\" href=\"https:\/\/www.gruen-gmbh.de\/en\/herzlich-willkommen-im-gruen-team\/\" \/>\n<meta property=\"og:locale\" content=\"en_US\" \/>\n<meta property=\"og:type\" content=\"article\" \/>\n<meta property=\"og:title\" content=\"Herzlich Willkommen im GR\u00dcN-Team! - Gr\u00fcn GmbH\" \/>\n<meta property=\"og:description\" content=\"Heute fand das Kennenlernen zwischen den neuen Auszubildenden und unserem Gesch\u00e4ftsf\u00fchrer statt, auch unser Ausbildungsleiter war mit von der Partie. Wir freuen uns riesig \u00fcber die Verst\u00e4rkung, w\u00fcnschen Euch und uns einen guten Start, alles Gute und viel Erfolg! Unsere neuen Auszubildenden absolvieren ihre Ausbildungen als Elektroniker f\u00fcr Automatisierungstechnik, Konstruktionsmechaniker und Industriemechaniker. So muss es [&hellip;]\" \/>\n<meta property=\"og:url\" content=\"https:\/\/www.gruen-gmbh.de\/en\/herzlich-willkommen-im-gruen-team\/\" \/>\n<meta property=\"og:site_name\" content=\"Gr\u00fcn GmbH\" \/>\n<meta property=\"article:published_time\" content=\"2021-09-03T09:47:52+00:00\" \/>\n<meta property=\"og:image\" content=\"https:\/\/www.gruen-gmbh.de\/wp-content\/uploads\/2021\/09\/Azubis_2021.jpg\" \/>\n\t<meta property=\"og:image:width\" content=\"1820\" \/>\n\t<meta property=\"og:image:height\" content=\"1186\" \/>\n\t<meta property=\"og:image:type\" content=\"image\/jpeg\" \/>\n<meta name=\"author\" content=\"admin\" \/>\n<meta name=\"twitter:card\" content=\"summary_large_image\" \/>\n<meta name=\"twitter:label1\" content=\"Written by\" \/>\n\t<meta name=\"twitter:data1\" content=\"admin\" \/>\n<script type=\"application\/ld+json\" class=\"yoast-schema-graph\">{\"@context\":\"https:\/\/schema.org\",\"@graph\":[{\"@type\":\"Article\",\"@id\":\"https:\/\/www.gruen-gmbh.de\/herzlich-willkommen-im-gruen-team\/#article\",\"isPartOf\":{\"@id\":\"https:\/\/www.gruen-gmbh.de\/herzlich-willkommen-im-gruen-team\/\"},\"author\":{\"name\":\"admin\",\"@id\":\"https:\/\/www.gruen-gmbh.de\/en\/#\/schema\/person\/81c32ab546dc94b830590c65741e83be\"},\"headline\":\"Herzlich Willkommen im GR\u00dcN-Team!\",\"datePublished\":\"2021-09-03T09:47:52+00:00\",\"mainEntityOfPage\":{\"@id\":\"https:\/\/www.gruen-gmbh.de\/herzlich-willkommen-im-gruen-team\/\"},\"wordCount\":69,\"publisher\":{\"@id\":\"https:\/\/www.gruen-gmbh.de\/en\/#organization\"},\"image\":{\"@id\":\"https:\/\/www.gruen-gmbh.de\/herzlich-willkommen-im-gruen-team\/#primaryimage\"},\"thumbnailUrl\":\"https:\/\/www.gruen-gmbh.de\/wp-content\/uploads\/2021\/09\/Azubis_2021.jpg\",\"articleSection\":[\"Allgemein\"],\"inLanguage\":\"en-US\"},{\"@type\":\"WebPage\",\"@id\":\"https:\/\/www.gruen-gmbh.de\/herzlich-willkommen-im-gruen-team\/\",\"url\":\"https:\/\/www.gruen-gmbh.de\/herzlich-willkommen-im-gruen-team\/\",\"name\":\"Herzlich Willkommen im GR\u00dcN-Team! - Gr\u00fcn GmbH\",\"isPartOf\":{\"@id\":\"https:\/\/www.gruen-gmbh.de\/en\/#website\"},\"primaryImageOfPage\":{\"@id\":\"https:\/\/www.gruen-gmbh.de\/herzlich-willkommen-im-gruen-team\/#primaryimage\"},\"image\":{\"@id\":\"https:\/\/www.gruen-gmbh.de\/herzlich-willkommen-im-gruen-team\/#primaryimage\"},\"thumbnailUrl\":\"https:\/\/www.gruen-gmbh.de\/wp-content\/uploads\/2021\/09\/Azubis_2021.jpg\",\"datePublished\":\"2021-09-03T09:47:52+00:00\",\"breadcrumb\":{\"@id\":\"https:\/\/www.gruen-gmbh.de\/herzlich-willkommen-im-gruen-team\/#breadcrumb\"},\"inLanguage\":\"en-US\",\"potentialAction\":[{\"@type\":\"ReadAction\",\"target\":[\"https:\/\/www.gruen-gmbh.de\/herzlich-willkommen-im-gruen-team\/\"]}]},{\"@type\":\"ImageObject\",\"inLanguage\":\"en-US\",\"@id\":\"https:\/\/www.gruen-gmbh.de\/herzlich-willkommen-im-gruen-team\/#primaryimage\",\"url\":\"https:\/\/www.gruen-gmbh.de\/wp-content\/uploads\/2021\/09\/Azubis_2021.jpg\",\"contentUrl\":\"https:\/\/www.gruen-gmbh.de\/wp-content\/uploads\/2021\/09\/Azubis_2021.jpg\",\"width\":1820,\"height\":1186},{\"@type\":\"BreadcrumbList\",\"@id\":\"https:\/\/www.gruen-gmbh.de\/herzlich-willkommen-im-gruen-team\/#breadcrumb\",\"itemListElement\":[{\"@type\":\"ListItem\",\"position\":1,\"name\":\"Startseite\",\"item\":\"https:\/\/www.gruen-gmbh.de\/\"},{\"@type\":\"ListItem\",\"position\":2,\"name\":\"Herzlich Willkommen im GR\u00dcN-Team!\"}]},{\"@type\":\"WebSite\",\"@id\":\"https:\/\/www.gruen-gmbh.de\/en\/#website\",\"url\":\"https:\/\/www.gruen-gmbh.de\/en\/\",\"name\":\"Gr\u00fcn GmbH\",\"description\":\"\",\"publisher\":{\"@id\":\"https:\/\/www.gruen-gmbh.de\/en\/#organization\"},\"potentialAction\":[{\"@type\":\"SearchAction\",\"target\":{\"@type\":\"EntryPoint\",\"urlTemplate\":\"https:\/\/www.gruen-gmbh.de\/en\/?s={search_term_string}\"},\"query-input\":{\"@type\":\"PropertyValueSpecification\",\"valueRequired\":true,\"valueName\":\"search_term_string\"}}],\"inLanguage\":\"en-US\"},{\"@type\":\"Organization\",\"@id\":\"https:\/\/www.gruen-gmbh.de\/en\/#organization\",\"name\":\"Gr\u00fcn GmbH\",\"url\":\"https:\/\/www.gruen-gmbh.de\/en\/\",\"logo\":{\"@type\":\"ImageObject\",\"inLanguage\":\"en-US\",\"@id\":\"https:\/\/www.gruen-gmbh.de\/en\/#\/schema\/logo\/image\/\",\"url\":\"https:\/\/www.gruen-gmbh.de\/wp-content\/uploads\/2024\/07\/gruen-logo.webp\",\"contentUrl\":\"https:\/\/www.gruen-gmbh.de\/wp-content\/uploads\/2024\/07\/gruen-logo.webp\",\"width\":672,\"height\":164,\"caption\":\"Gr\u00fcn GmbH\"},\"image\":{\"@id\":\"https:\/\/www.gruen-gmbh.de\/en\/#\/schema\/logo\/image\/\"}},{\"@type\":\"Person\",\"@id\":\"https:\/\/www.gruen-gmbh.de\/en\/#\/schema\/person\/81c32ab546dc94b830590c65741e83be\",\"name\":\"admin\",\"sameAs\":[\"https:\/\/gruen-gmbh.de\"],\"url\":\"https:\/\/www.gruen-gmbh.de\/en\/author\/admin\/\"}]}<\/script>\n<!-- \/ Yoast SEO plugin. -->","yoast_head_json":{"title":"Herzlich Willkommen im GR\u00dcN-Team! - Gr\u00fcn GmbH","robots":{"index":"index","follow":"follow","max-snippet":"max-snippet:-1","max-image-preview":"max-image-preview:large","max-video-preview":"max-video-preview:-1"},"canonical":"https:\/\/www.gruen-gmbh.de\/en\/herzlich-willkommen-im-gruen-team\/","og_locale":"en_US","og_type":"article","og_title":"Herzlich Willkommen im GR\u00dcN-Team! - Gr\u00fcn GmbH","og_description":"Heute fand das Kennenlernen zwischen den neuen Auszubildenden und unserem Gesch\u00e4ftsf\u00fchrer statt, auch unser Ausbildungsleiter war mit von der Partie. Wir freuen uns riesig \u00fcber die Verst\u00e4rkung, w\u00fcnschen Euch und uns einen guten Start, alles Gute und viel Erfolg! Unsere neuen Auszubildenden absolvieren ihre Ausbildungen als Elektroniker f\u00fcr Automatisierungstechnik, Konstruktionsmechaniker und Industriemechaniker. So muss es [&hellip;]","og_url":"https:\/\/www.gruen-gmbh.de\/en\/herzlich-willkommen-im-gruen-team\/","og_site_name":"Gr\u00fcn GmbH","article_published_time":"2021-09-03T09:47:52+00:00","og_image":[{"width":1820,"height":1186,"url":"https:\/\/www.gruen-gmbh.de\/wp-content\/uploads\/2021\/09\/Azubis_2021.jpg","type":"image\/jpeg"}],"author":"admin","twitter_card":"summary_large_image","twitter_misc":{"Written by":"admin"},"schema":{"@context":"https:\/\/schema.org","@graph":[{"@type":"Article","@id":"https:\/\/www.gruen-gmbh.de\/herzlich-willkommen-im-gruen-team\/#article","isPartOf":{"@id":"https:\/\/www.gruen-gmbh.de\/herzlich-willkommen-im-gruen-team\/"},"author":{"name":"admin","@id":"https:\/\/www.gruen-gmbh.de\/en\/#\/schema\/person\/81c32ab546dc94b830590c65741e83be"},"headline":"Herzlich Willkommen im GR\u00dcN-Team!","datePublished":"2021-09-03T09:47:52+00:00","mainEntityOfPage":{"@id":"https:\/\/www.gruen-gmbh.de\/herzlich-willkommen-im-gruen-team\/"},"wordCount":69,"publisher":{"@id":"https:\/\/www.gruen-gmbh.de\/en\/#organization"},"image":{"@id":"https:\/\/www.gruen-gmbh.de\/herzlich-willkommen-im-gruen-team\/#primaryimage"},"thumbnailUrl":"https:\/\/www.gruen-gmbh.de\/wp-content\/uploads\/2021\/09\/Azubis_2021.jpg","articleSection":["Allgemein"],"inLanguage":"en-US"},{"@type":"WebPage","@id":"https:\/\/www.gruen-gmbh.de\/herzlich-willkommen-im-gruen-team\/","url":"https:\/\/www.gruen-gmbh.de\/herzlich-willkommen-im-gruen-team\/","name":"Herzlich Willkommen im GR\u00dcN-Team! - Gr\u00fcn GmbH","isPartOf":{"@id":"https:\/\/www.gruen-gmbh.de\/en\/#website"},"primaryImageOfPage":{"@id":"https:\/\/www.gruen-gmbh.de\/herzlich-willkommen-im-gruen-team\/#primaryimage"},"image":{"@id":"https:\/\/www.gruen-gmbh.de\/herzlich-willkommen-im-gruen-team\/#primaryimage"},"thumbnailUrl":"https:\/\/www.gruen-gmbh.de\/wp-content\/uploads\/2021\/09\/Azubis_2021.jpg","datePublished":"2021-09-03T09:47:52+00:00","breadcrumb":{"@id":"https:\/\/www.gruen-gmbh.de\/herzlich-willkommen-im-gruen-team\/#breadcrumb"},"inLanguage":"en-US","potentialAction":[{"@type":"ReadAction","target":["https:\/\/www.gruen-gmbh.de\/herzlich-willkommen-im-gruen-team\/"]}]},{"@type":"ImageObject","inLanguage":"en-US","@id":"https:\/\/www.gruen-gmbh.de\/herzlich-willkommen-im-gruen-team\/#primaryimage","url":"https:\/\/www.gruen-gmbh.de\/wp-content\/uploads\/2021\/09\/Azubis_2021.jpg","contentUrl":"https:\/\/www.gruen-gmbh.de\/wp-content\/uploads\/2021\/09\/Azubis_2021.jpg","width":1820,"height":1186},{"@type":"BreadcrumbList","@id":"https:\/\/www.gruen-gmbh.de\/herzlich-willkommen-im-gruen-team\/#breadcrumb","itemListElement":[{"@type":"ListItem","position":1,"name":"Startseite","item":"https:\/\/www.gruen-gmbh.de\/"},{"@type":"ListItem","position":2,"name":"Herzlich Willkommen im GR\u00dcN-Team!"}]},{"@type":"WebSite","@id":"https:\/\/www.gruen-gmbh.de\/en\/#website","url":"https:\/\/www.gruen-gmbh.de\/en\/","name":"Gr\u00fcn GmbH","description":"","publisher":{"@id":"https:\/\/www.gruen-gmbh.de\/en\/#organization"},"potentialAction":[{"@type":"SearchAction","target":{"@type":"EntryPoint","urlTemplate":"https:\/\/www.gruen-gmbh.de\/en\/?s={search_term_string}"},"query-input":{"@type":"PropertyValueSpecification","valueRequired":true,"valueName":"search_term_string"}}],"inLanguage":"en-US"},{"@type":"Organization","@id":"https:\/\/www.gruen-gmbh.de\/en\/#organization","name":"Gr\u00fcn GmbH","url":"https:\/\/www.gruen-gmbh.de\/en\/","logo":{"@type":"ImageObject","inLanguage":"en-US","@id":"https:\/\/www.gruen-gmbh.de\/en\/#\/schema\/logo\/image\/","url":"https:\/\/www.gruen-gmbh.de\/wp-content\/uploads\/2024\/07\/gruen-logo.webp","contentUrl":"https:\/\/www.gruen-gmbh.de\/wp-content\/uploads\/2024\/07\/gruen-logo.webp","width":672,"height":164,"caption":"Gr\u00fcn GmbH"},"image":{"@id":"https:\/\/www.gruen-gmbh.de\/en\/#\/schema\/logo\/image\/"}},{"@type":"Person","@id":"https:\/\/www.gruen-gmbh.de\/en\/#\/schema\/person\/81c32ab546dc94b830590c65741e83be","name":"admin","sameAs":["https:\/\/gruen-gmbh.de"],"url":"https:\/\/www.gruen-gmbh.de\/en\/author\/admin\/"}]}},"_links":{"self":[{"href":"https:\/\/www.gruen-gmbh.de\/en\/wp-json\/wp\/v2\/posts\/33886","targetHints":{"allow":["GET"]}}],"collection":[{"href":"https:\/\/www.gruen-gmbh.de\/en\/wp-json\/wp\/v2\/posts"}],"about":[{"href":"https:\/\/www.gruen-gmbh.de\/en\/wp-json\/wp\/v2\/types\/post"}],"author":[{"embeddable":true,"href":"https:\/\/www.gruen-gmbh.de\/en\/wp-json\/wp\/v2\/users\/1"}],"replies":[{"embeddable":true,"href":"https:\/\/www.gruen-gmbh.de\/en\/wp-json\/wp\/v2\/comments?post=33886"}],"version-history":[{"count":0,"href":"https:\/\/www.gruen-gmbh.de\/en\/wp-json\/wp\/v2\/posts\/33886\/revisions"}],"wp:featuredmedia":[{"embeddable":true,"href":"https:\/\/www.gruen-gmbh.de\/en\/wp-json\/wp\/v2\/media\/33885"}],"wp:attachment":[{"href":"https:\/\/www.gruen-gmbh.de\/en\/wp-json\/wp\/v2\/media?parent=33886"}],"wp:term":[{"taxonomy":"category","embeddable":true,"href":"https:\/\/www.gruen-gmbh.de\/en\/wp-json\/wp\/v2\/categories?post=33886"},{"taxonomy":"post_tag","embeddable":true,"href":"https:\/\/www.gruen-gmbh.de\/en\/wp-json\/wp\/v2\/tags?post=33886"}],"curies":[{"name":"wp","href":"https:\/\/api.w.org\/{rel}","templated":true}]}}