{"id":33909,"date":"2021-09-15T08:22:20","date_gmt":"2021-09-15T06:22:20","guid":{"rendered":"https:\/\/gruen-gmbh.de\/?p=33909"},"modified":"2021-09-15T08:22:20","modified_gmt":"2021-09-15T06:22:20","slug":"besuch-ihk-siegen","status":"publish","type":"post","link":"https:\/\/www.gruen-gmbh.de\/en\/besuch-ihk-siegen\/","title":{"rendered":"Besuch der IHK Siegen"},"content":{"rendered":"<p>Ein lange geplanter Termin konnte am 13.09.2021 endlich stattfinden. Zu Besuch in der GR\u00dcN GmbH Spezialmaschinenfabrik war Klaus Gr\u00e4bener, der Hauptgesch\u00e4ftsf\u00fchrer der IHK Siegen und \u00fcberreichte unserem Gesch\u00e4ftsf\u00fchrer Hendrik St\u00e4hler die Ehrenurkunde zum 100-j\u00e4hrigen Firmenjubil\u00e4um!<\/p>\n<p>&nbsp;<\/p>\n<p>[button stil=&#8220;auto&#8220; text=&#8220;Mehr&#8230;&#8220; url=&#8220;https:\/\/gruen-gmbh.de\/de\/produkt\/besuch-ihk-siegen\/&#8220; target=&#8220;blank&#8220;]<\/p>","protected":false},"excerpt":{"rendered":"<p>Ein lange geplanter Termin konnte am 13.09.2021 endlich stattfinden. Zu Besuch in der GR\u00dcN GmbH Spezialmaschinenfabrik war Klaus Gr\u00e4bener, der Hauptgesch\u00e4ftsf\u00fchrer der IHK Siegen und \u00fcberreichte unserem Gesch\u00e4ftsf\u00fchrer Hendrik St\u00e4hler die Ehrenurkunde zum 100-j\u00e4hrigen Firmenjubil\u00e4um! &nbsp; [button stil=&#8220;auto&#8220; text=&#8220;Mehr&#8230;&#8220; url=&#8220;https:\/\/gruen-gmbh.de\/de\/produkt\/besuch-ihk-siegen\/&#8220; target=&#8220;blank&#8220;]<\/p>","protected":false},"author":1,"featured_media":33899,"comment_status":"closed","ping_status":"closed","sticky":false,"template":"","format":"standard","meta":{"footnotes":""},"categories":[155],"tags":[],"class_list":["post-33909","post","type-post","status-publish","format-standard","has-post-thumbnail","hentry","category-allgemein"],"yoast_head":"<!-- This site is optimized with the Yoast SEO plugin v26.3 - https:\/\/yoast.com\/wordpress\/plugins\/seo\/ -->\n<title>Besuch der IHK Siegen - Gr\u00fcn GmbH<\/title>\n<meta name=\"robots\" content=\"index, follow, max-snippet:-1, max-image-preview:large, max-video-preview:-1\" \/>\n<link rel=\"canonical\" href=\"https:\/\/www.gruen-gmbh.de\/en\/besuch-ihk-siegen\/\" \/>\n<meta property=\"og:locale\" content=\"en_US\" \/>\n<meta property=\"og:type\" content=\"article\" \/>\n<meta property=\"og:title\" content=\"Besuch der IHK Siegen - Gr\u00fcn GmbH\" \/>\n<meta property=\"og:description\" content=\"Ein lange geplanter Termin konnte am 13.09.2021 endlich stattfinden. Zu Besuch in der GR\u00dcN GmbH Spezialmaschinenfabrik war Klaus Gr\u00e4bener, der Hauptgesch\u00e4ftsf\u00fchrer der IHK Siegen und \u00fcberreichte unserem Gesch\u00e4ftsf\u00fchrer Hendrik St\u00e4hler die Ehrenurkunde zum 100-j\u00e4hrigen Firmenjubil\u00e4um! &nbsp; [button stil=&#8220;auto&#8220; text=&#8220;Mehr&#8230;&#8220; url=&#8220;https:\/\/gruen-gmbh.de\/de\/produkt\/besuch-ihk-siegen\/&#8220; target=&#8220;blank&#8220;]\" \/>\n<meta property=\"og:url\" content=\"https:\/\/www.gruen-gmbh.de\/en\/besuch-ihk-siegen\/\" \/>\n<meta property=\"og:site_name\" content=\"Gr\u00fcn GmbH\" \/>\n<meta property=\"article:published_time\" content=\"2021-09-15T06:22:20+00:00\" \/>\n<meta property=\"og:image\" content=\"https:\/\/www.gruen-gmbh.de\/wp-content\/uploads\/2021\/09\/Staehler_Graebener.jpg\" \/>\n\t<meta property=\"og:image:width\" content=\"1400\" \/>\n\t<meta property=\"og:image:height\" content=\"1048\" \/>\n\t<meta property=\"og:image:type\" content=\"image\/jpeg\" \/>\n<meta name=\"author\" content=\"admin\" \/>\n<meta name=\"twitter:card\" content=\"summary_large_image\" \/>\n<meta name=\"twitter:label1\" content=\"Written by\" \/>\n\t<meta name=\"twitter:data1\" content=\"admin\" \/>\n<script type=\"application\/ld+json\" class=\"yoast-schema-graph\">{\"@context\":\"https:\/\/schema.org\",\"@graph\":[{\"@type\":\"Article\",\"@id\":\"https:\/\/www.gruen-gmbh.de\/besuch-ihk-siegen\/#article\",\"isPartOf\":{\"@id\":\"https:\/\/www.gruen-gmbh.de\/besuch-ihk-siegen\/\"},\"author\":{\"name\":\"admin\",\"@id\":\"https:\/\/www.gruen-gmbh.de\/en\/#\/schema\/person\/81c32ab546dc94b830590c65741e83be\"},\"headline\":\"Besuch der IHK Siegen\",\"datePublished\":\"2021-09-15T06:22:20+00:00\",\"mainEntityOfPage\":{\"@id\":\"https:\/\/www.gruen-gmbh.de\/besuch-ihk-siegen\/\"},\"wordCount\":62,\"publisher\":{\"@id\":\"https:\/\/www.gruen-gmbh.de\/en\/#organization\"},\"image\":{\"@id\":\"https:\/\/www.gruen-gmbh.de\/besuch-ihk-siegen\/#primaryimage\"},\"thumbnailUrl\":\"https:\/\/www.gruen-gmbh.de\/wp-content\/uploads\/2021\/09\/Staehler_Graebener.jpg\",\"articleSection\":[\"Allgemein\"],\"inLanguage\":\"en-US\"},{\"@type\":\"WebPage\",\"@id\":\"https:\/\/www.gruen-gmbh.de\/besuch-ihk-siegen\/\",\"url\":\"https:\/\/www.gruen-gmbh.de\/besuch-ihk-siegen\/\",\"name\":\"Besuch der IHK Siegen - Gr\u00fcn GmbH\",\"isPartOf\":{\"@id\":\"https:\/\/www.gruen-gmbh.de\/en\/#website\"},\"primaryImageOfPage\":{\"@id\":\"https:\/\/www.gruen-gmbh.de\/besuch-ihk-siegen\/#primaryimage\"},\"image\":{\"@id\":\"https:\/\/www.gruen-gmbh.de\/besuch-ihk-siegen\/#primaryimage\"},\"thumbnailUrl\":\"https:\/\/www.gruen-gmbh.de\/wp-content\/uploads\/2021\/09\/Staehler_Graebener.jpg\",\"datePublished\":\"2021-09-15T06:22:20+00:00\",\"breadcrumb\":{\"@id\":\"https:\/\/www.gruen-gmbh.de\/besuch-ihk-siegen\/#breadcrumb\"},\"inLanguage\":\"en-US\",\"potentialAction\":[{\"@type\":\"ReadAction\",\"target\":[\"https:\/\/www.gruen-gmbh.de\/besuch-ihk-siegen\/\"]}]},{\"@type\":\"ImageObject\",\"inLanguage\":\"en-US\",\"@id\":\"https:\/\/www.gruen-gmbh.de\/besuch-ihk-siegen\/#primaryimage\",\"url\":\"https:\/\/www.gruen-gmbh.de\/wp-content\/uploads\/2021\/09\/Staehler_Graebener.jpg\",\"contentUrl\":\"https:\/\/www.gruen-gmbh.de\/wp-content\/uploads\/2021\/09\/Staehler_Graebener.jpg\",\"width\":1400,\"height\":1048},{\"@type\":\"BreadcrumbList\",\"@id\":\"https:\/\/www.gruen-gmbh.de\/besuch-ihk-siegen\/#breadcrumb\",\"itemListElement\":[{\"@type\":\"ListItem\",\"position\":1,\"name\":\"Startseite\",\"item\":\"https:\/\/www.gruen-gmbh.de\/\"},{\"@type\":\"ListItem\",\"position\":2,\"name\":\"Besuch der IHK Siegen\"}]},{\"@type\":\"WebSite\",\"@id\":\"https:\/\/www.gruen-gmbh.de\/en\/#website\",\"url\":\"https:\/\/www.gruen-gmbh.de\/en\/\",\"name\":\"Gr\u00fcn GmbH\",\"description\":\"\",\"publisher\":{\"@id\":\"https:\/\/www.gruen-gmbh.de\/en\/#organization\"},\"potentialAction\":[{\"@type\":\"SearchAction\",\"target\":{\"@type\":\"EntryPoint\",\"urlTemplate\":\"https:\/\/www.gruen-gmbh.de\/en\/?s={search_term_string}\"},\"query-input\":{\"@type\":\"PropertyValueSpecification\",\"valueRequired\":true,\"valueName\":\"search_term_string\"}}],\"inLanguage\":\"en-US\"},{\"@type\":\"Organization\",\"@id\":\"https:\/\/www.gruen-gmbh.de\/en\/#organization\",\"name\":\"Gr\u00fcn GmbH\",\"url\":\"https:\/\/www.gruen-gmbh.de\/en\/\",\"logo\":{\"@type\":\"ImageObject\",\"inLanguage\":\"en-US\",\"@id\":\"https:\/\/www.gruen-gmbh.de\/en\/#\/schema\/logo\/image\/\",\"url\":\"https:\/\/www.gruen-gmbh.de\/wp-content\/uploads\/2024\/07\/gruen-logo.webp\",\"contentUrl\":\"https:\/\/www.gruen-gmbh.de\/wp-content\/uploads\/2024\/07\/gruen-logo.webp\",\"width\":672,\"height\":164,\"caption\":\"Gr\u00fcn GmbH\"},\"image\":{\"@id\":\"https:\/\/www.gruen-gmbh.de\/en\/#\/schema\/logo\/image\/\"}},{\"@type\":\"Person\",\"@id\":\"https:\/\/www.gruen-gmbh.de\/en\/#\/schema\/person\/81c32ab546dc94b830590c65741e83be\",\"name\":\"admin\",\"sameAs\":[\"https:\/\/gruen-gmbh.de\"],\"url\":\"https:\/\/www.gruen-gmbh.de\/en\/author\/admin\/\"}]}<\/script>\n<!-- \/ Yoast SEO plugin. -->","yoast_head_json":{"title":"Besuch der IHK Siegen - Gr\u00fcn GmbH","robots":{"index":"index","follow":"follow","max-snippet":"max-snippet:-1","max-image-preview":"max-image-preview:large","max-video-preview":"max-video-preview:-1"},"canonical":"https:\/\/www.gruen-gmbh.de\/en\/besuch-ihk-siegen\/","og_locale":"en_US","og_type":"article","og_title":"Besuch der IHK Siegen - Gr\u00fcn GmbH","og_description":"Ein lange geplanter Termin konnte am 13.09.2021 endlich stattfinden. Zu Besuch in der GR\u00dcN GmbH Spezialmaschinenfabrik war Klaus Gr\u00e4bener, der Hauptgesch\u00e4ftsf\u00fchrer der IHK Siegen und \u00fcberreichte unserem Gesch\u00e4ftsf\u00fchrer Hendrik St\u00e4hler die Ehrenurkunde zum 100-j\u00e4hrigen Firmenjubil\u00e4um! &nbsp; [button stil=&#8220;auto&#8220; text=&#8220;Mehr&#8230;&#8220; url=&#8220;https:\/\/gruen-gmbh.de\/de\/produkt\/besuch-ihk-siegen\/&#8220; target=&#8220;blank&#8220;]","og_url":"https:\/\/www.gruen-gmbh.de\/en\/besuch-ihk-siegen\/","og_site_name":"Gr\u00fcn GmbH","article_published_time":"2021-09-15T06:22:20+00:00","og_image":[{"width":1400,"height":1048,"url":"https:\/\/www.gruen-gmbh.de\/wp-content\/uploads\/2021\/09\/Staehler_Graebener.jpg","type":"image\/jpeg"}],"author":"admin","twitter_card":"summary_large_image","twitter_misc":{"Written by":"admin"},"schema":{"@context":"https:\/\/schema.org","@graph":[{"@type":"Article","@id":"https:\/\/www.gruen-gmbh.de\/besuch-ihk-siegen\/#article","isPartOf":{"@id":"https:\/\/www.gruen-gmbh.de\/besuch-ihk-siegen\/"},"author":{"name":"admin","@id":"https:\/\/www.gruen-gmbh.de\/en\/#\/schema\/person\/81c32ab546dc94b830590c65741e83be"},"headline":"Besuch der IHK Siegen","datePublished":"2021-09-15T06:22:20+00:00","mainEntityOfPage":{"@id":"https:\/\/www.gruen-gmbh.de\/besuch-ihk-siegen\/"},"wordCount":62,"publisher":{"@id":"https:\/\/www.gruen-gmbh.de\/en\/#organization"},"image":{"@id":"https:\/\/www.gruen-gmbh.de\/besuch-ihk-siegen\/#primaryimage"},"thumbnailUrl":"https:\/\/www.gruen-gmbh.de\/wp-content\/uploads\/2021\/09\/Staehler_Graebener.jpg","articleSection":["Allgemein"],"inLanguage":"en-US"},{"@type":"WebPage","@id":"https:\/\/www.gruen-gmbh.de\/besuch-ihk-siegen\/","url":"https:\/\/www.gruen-gmbh.de\/besuch-ihk-siegen\/","name":"Besuch der IHK Siegen - Gr\u00fcn GmbH","isPartOf":{"@id":"https:\/\/www.gruen-gmbh.de\/en\/#website"},"primaryImageOfPage":{"@id":"https:\/\/www.gruen-gmbh.de\/besuch-ihk-siegen\/#primaryimage"},"image":{"@id":"https:\/\/www.gruen-gmbh.de\/besuch-ihk-siegen\/#primaryimage"},"thumbnailUrl":"https:\/\/www.gruen-gmbh.de\/wp-content\/uploads\/2021\/09\/Staehler_Graebener.jpg","datePublished":"2021-09-15T06:22:20+00:00","breadcrumb":{"@id":"https:\/\/www.gruen-gmbh.de\/besuch-ihk-siegen\/#breadcrumb"},"inLanguage":"en-US","potentialAction":[{"@type":"ReadAction","target":["https:\/\/www.gruen-gmbh.de\/besuch-ihk-siegen\/"]}]},{"@type":"ImageObject","inLanguage":"en-US","@id":"https:\/\/www.gruen-gmbh.de\/besuch-ihk-siegen\/#primaryimage","url":"https:\/\/www.gruen-gmbh.de\/wp-content\/uploads\/2021\/09\/Staehler_Graebener.jpg","contentUrl":"https:\/\/www.gruen-gmbh.de\/wp-content\/uploads\/2021\/09\/Staehler_Graebener.jpg","width":1400,"height":1048},{"@type":"BreadcrumbList","@id":"https:\/\/www.gruen-gmbh.de\/besuch-ihk-siegen\/#breadcrumb","itemListElement":[{"@type":"ListItem","position":1,"name":"Startseite","item":"https:\/\/www.gruen-gmbh.de\/"},{"@type":"ListItem","position":2,"name":"Besuch der IHK Siegen"}]},{"@type":"WebSite","@id":"https:\/\/www.gruen-gmbh.de\/en\/#website","url":"https:\/\/www.gruen-gmbh.de\/en\/","name":"Gr\u00fcn GmbH","description":"","publisher":{"@id":"https:\/\/www.gruen-gmbh.de\/en\/#organization"},"potentialAction":[{"@type":"SearchAction","target":{"@type":"EntryPoint","urlTemplate":"https:\/\/www.gruen-gmbh.de\/en\/?s={search_term_string}"},"query-input":{"@type":"PropertyValueSpecification","valueRequired":true,"valueName":"search_term_string"}}],"inLanguage":"en-US"},{"@type":"Organization","@id":"https:\/\/www.gruen-gmbh.de\/en\/#organization","name":"Gr\u00fcn GmbH","url":"https:\/\/www.gruen-gmbh.de\/en\/","logo":{"@type":"ImageObject","inLanguage":"en-US","@id":"https:\/\/www.gruen-gmbh.de\/en\/#\/schema\/logo\/image\/","url":"https:\/\/www.gruen-gmbh.de\/wp-content\/uploads\/2024\/07\/gruen-logo.webp","contentUrl":"https:\/\/www.gruen-gmbh.de\/wp-content\/uploads\/2024\/07\/gruen-logo.webp","width":672,"height":164,"caption":"Gr\u00fcn GmbH"},"image":{"@id":"https:\/\/www.gruen-gmbh.de\/en\/#\/schema\/logo\/image\/"}},{"@type":"Person","@id":"https:\/\/www.gruen-gmbh.de\/en\/#\/schema\/person\/81c32ab546dc94b830590c65741e83be","name":"admin","sameAs":["https:\/\/gruen-gmbh.de"],"url":"https:\/\/www.gruen-gmbh.de\/en\/author\/admin\/"}]}},"_links":{"self":[{"href":"https:\/\/www.gruen-gmbh.de\/en\/wp-json\/wp\/v2\/posts\/33909","targetHints":{"allow":["GET"]}}],"collection":[{"href":"https:\/\/www.gruen-gmbh.de\/en\/wp-json\/wp\/v2\/posts"}],"about":[{"href":"https:\/\/www.gruen-gmbh.de\/en\/wp-json\/wp\/v2\/types\/post"}],"author":[{"embeddable":true,"href":"https:\/\/www.gruen-gmbh.de\/en\/wp-json\/wp\/v2\/users\/1"}],"replies":[{"embeddable":true,"href":"https:\/\/www.gruen-gmbh.de\/en\/wp-json\/wp\/v2\/comments?post=33909"}],"version-history":[{"count":0,"href":"https:\/\/www.gruen-gmbh.de\/en\/wp-json\/wp\/v2\/posts\/33909\/revisions"}],"wp:featuredmedia":[{"embeddable":true,"href":"https:\/\/www.gruen-gmbh.de\/en\/wp-json\/wp\/v2\/media\/33899"}],"wp:attachment":[{"href":"https:\/\/www.gruen-gmbh.de\/en\/wp-json\/wp\/v2\/media?parent=33909"}],"wp:term":[{"taxonomy":"category","embeddable":true,"href":"https:\/\/www.gruen-gmbh.de\/en\/wp-json\/wp\/v2\/categories?post=33909"},{"taxonomy":"post_tag","embeddable":true,"href":"https:\/\/www.gruen-gmbh.de\/en\/wp-json\/wp\/v2\/tags?post=33909"}],"curies":[{"name":"wp","href":"https:\/\/api.w.org\/{rel}","templated":true}]}}