{"id":34492,"date":"2022-06-24T08:21:42","date_gmt":"2022-06-24T06:21:42","guid":{"rendered":"https:\/\/gruen-gmbh.de\/?p=34492"},"modified":"2022-06-24T08:21:42","modified_gmt":"2022-06-24T06:21:42","slug":"besuch-des-buergermeisters","status":"publish","type":"post","link":"https:\/\/www.gruen-gmbh.de\/en\/besuch-des-buergermeisters\/","title":{"rendered":"Besuch des B\u00fcrgermeisters"},"content":{"rendered":"<p>Am 23.06.2022 besuchten uns der B\u00fcrgermeister der Gemeinde Wilnsdorf, Hannes Gieseler, und Stefanie Wiegel aus dem Referat Wirtschaftsf\u00f6rderung, Tourismus und Standortmarketing. Es kam zu einem interessanten Austausch \u00fcber aktuelle Projekte, Chancen und Herausforderungen auf beiden Seiten, aus dem wir viele Impulse mitnehmen. Einmal mehr waren unsere G\u00e4ste nach der Unternehmenspr\u00e4sentation und einem Betriebsrundgang \u00fcberrascht, wie vielseitig die Gr\u00fcn-Gruppe aufgestellt ist.<\/p>\n<p>Wir danken Herrn B\u00fcrgermeister Gieseler und Frau Wiegel f\u00fcr ihren Besuch in der Gr\u00fcn-Gruppe und freuen uns auf die k\u00fcnftige Zusammenarbeit.<\/p>","protected":false},"excerpt":{"rendered":"<p>Am 23.06.2022 besuchten uns der B\u00fcrgermeister der Gemeinde Wilnsdorf, Hannes Gieseler, und Stefanie Wiegel aus dem Referat Wirtschaftsf\u00f6rderung, Tourismus und Standortmarketing. Es kam zu einem interessanten Austausch \u00fcber aktuelle Projekte, Chancen und Herausforderungen auf beiden Seiten, aus dem wir viele Impulse mitnehmen. Einmal mehr waren unsere G\u00e4ste nach der Unternehmenspr\u00e4sentation und einem Betriebsrundgang \u00fcberrascht, wie [&hellip;]<\/p>","protected":false},"author":1,"featured_media":34491,"comment_status":"closed","ping_status":"closed","sticky":false,"template":"","format":"standard","meta":{"footnotes":""},"categories":[155],"tags":[],"class_list":["post-34492","post","type-post","status-publish","format-standard","has-post-thumbnail","hentry","category-allgemein"],"yoast_head":"<!-- This site is optimized with the Yoast SEO plugin v26.3 - https:\/\/yoast.com\/wordpress\/plugins\/seo\/ -->\n<title>Besuch des B\u00fcrgermeisters - Gr\u00fcn GmbH<\/title>\n<meta name=\"robots\" content=\"index, follow, max-snippet:-1, max-image-preview:large, max-video-preview:-1\" \/>\n<link rel=\"canonical\" href=\"https:\/\/www.gruen-gmbh.de\/en\/besuch-des-buergermeisters\/\" \/>\n<meta property=\"og:locale\" content=\"en_US\" \/>\n<meta property=\"og:type\" content=\"article\" \/>\n<meta property=\"og:title\" content=\"Besuch des B\u00fcrgermeisters - Gr\u00fcn GmbH\" \/>\n<meta property=\"og:description\" content=\"Am 23.06.2022 besuchten uns der B\u00fcrgermeister der Gemeinde Wilnsdorf, Hannes Gieseler, und Stefanie Wiegel aus dem Referat Wirtschaftsf\u00f6rderung, Tourismus und Standortmarketing. Es kam zu einem interessanten Austausch \u00fcber aktuelle Projekte, Chancen und Herausforderungen auf beiden Seiten, aus dem wir viele Impulse mitnehmen. Einmal mehr waren unsere G\u00e4ste nach der Unternehmenspr\u00e4sentation und einem Betriebsrundgang \u00fcberrascht, wie [&hellip;]\" \/>\n<meta property=\"og:url\" content=\"https:\/\/www.gruen-gmbh.de\/en\/besuch-des-buergermeisters\/\" \/>\n<meta property=\"og:site_name\" content=\"Gr\u00fcn GmbH\" \/>\n<meta property=\"article:published_time\" content=\"2022-06-24T06:21:42+00:00\" \/>\n<meta property=\"og:image\" content=\"https:\/\/www.gruen-gmbh.de\/wp-content\/uploads\/2022\/06\/02_web.jpg\" \/>\n\t<meta property=\"og:image:width\" content=\"1000\" \/>\n\t<meta property=\"og:image:height\" content=\"750\" \/>\n\t<meta property=\"og:image:type\" content=\"image\/jpeg\" \/>\n<meta name=\"author\" content=\"admin\" \/>\n<meta name=\"twitter:card\" content=\"summary_large_image\" \/>\n<meta name=\"twitter:label1\" content=\"Written by\" \/>\n\t<meta name=\"twitter:data1\" content=\"admin\" \/>\n\t<meta name=\"twitter:label2\" content=\"Est. reading time\" \/>\n\t<meta name=\"twitter:data2\" content=\"1 minute\" \/>\n<script type=\"application\/ld+json\" class=\"yoast-schema-graph\">{\"@context\":\"https:\/\/schema.org\",\"@graph\":[{\"@type\":\"Article\",\"@id\":\"https:\/\/www.gruen-gmbh.de\/besuch-des-buergermeisters\/#article\",\"isPartOf\":{\"@id\":\"https:\/\/www.gruen-gmbh.de\/besuch-des-buergermeisters\/\"},\"author\":{\"name\":\"admin\",\"@id\":\"https:\/\/www.gruen-gmbh.de\/en\/#\/schema\/person\/81c32ab546dc94b830590c65741e83be\"},\"headline\":\"Besuch des B\u00fcrgermeisters\",\"datePublished\":\"2022-06-24T06:21:42+00:00\",\"mainEntityOfPage\":{\"@id\":\"https:\/\/www.gruen-gmbh.de\/besuch-des-buergermeisters\/\"},\"wordCount\":93,\"publisher\":{\"@id\":\"https:\/\/www.gruen-gmbh.de\/en\/#organization\"},\"image\":{\"@id\":\"https:\/\/www.gruen-gmbh.de\/besuch-des-buergermeisters\/#primaryimage\"},\"thumbnailUrl\":\"https:\/\/www.gruen-gmbh.de\/wp-content\/uploads\/2022\/06\/02_web.jpg\",\"articleSection\":[\"Allgemein\"],\"inLanguage\":\"en-US\"},{\"@type\":\"WebPage\",\"@id\":\"https:\/\/www.gruen-gmbh.de\/besuch-des-buergermeisters\/\",\"url\":\"https:\/\/www.gruen-gmbh.de\/besuch-des-buergermeisters\/\",\"name\":\"Besuch des B\u00fcrgermeisters - Gr\u00fcn GmbH\",\"isPartOf\":{\"@id\":\"https:\/\/www.gruen-gmbh.de\/en\/#website\"},\"primaryImageOfPage\":{\"@id\":\"https:\/\/www.gruen-gmbh.de\/besuch-des-buergermeisters\/#primaryimage\"},\"image\":{\"@id\":\"https:\/\/www.gruen-gmbh.de\/besuch-des-buergermeisters\/#primaryimage\"},\"thumbnailUrl\":\"https:\/\/www.gruen-gmbh.de\/wp-content\/uploads\/2022\/06\/02_web.jpg\",\"datePublished\":\"2022-06-24T06:21:42+00:00\",\"breadcrumb\":{\"@id\":\"https:\/\/www.gruen-gmbh.de\/besuch-des-buergermeisters\/#breadcrumb\"},\"inLanguage\":\"en-US\",\"potentialAction\":[{\"@type\":\"ReadAction\",\"target\":[\"https:\/\/www.gruen-gmbh.de\/besuch-des-buergermeisters\/\"]}]},{\"@type\":\"ImageObject\",\"inLanguage\":\"en-US\",\"@id\":\"https:\/\/www.gruen-gmbh.de\/besuch-des-buergermeisters\/#primaryimage\",\"url\":\"https:\/\/www.gruen-gmbh.de\/wp-content\/uploads\/2022\/06\/02_web.jpg\",\"contentUrl\":\"https:\/\/www.gruen-gmbh.de\/wp-content\/uploads\/2022\/06\/02_web.jpg\",\"width\":1000,\"height\":750},{\"@type\":\"BreadcrumbList\",\"@id\":\"https:\/\/www.gruen-gmbh.de\/besuch-des-buergermeisters\/#breadcrumb\",\"itemListElement\":[{\"@type\":\"ListItem\",\"position\":1,\"name\":\"Startseite\",\"item\":\"https:\/\/www.gruen-gmbh.de\/\"},{\"@type\":\"ListItem\",\"position\":2,\"name\":\"Besuch des B\u00fcrgermeisters\"}]},{\"@type\":\"WebSite\",\"@id\":\"https:\/\/www.gruen-gmbh.de\/en\/#website\",\"url\":\"https:\/\/www.gruen-gmbh.de\/en\/\",\"name\":\"Gr\u00fcn GmbH\",\"description\":\"\",\"publisher\":{\"@id\":\"https:\/\/www.gruen-gmbh.de\/en\/#organization\"},\"potentialAction\":[{\"@type\":\"SearchAction\",\"target\":{\"@type\":\"EntryPoint\",\"urlTemplate\":\"https:\/\/www.gruen-gmbh.de\/en\/?s={search_term_string}\"},\"query-input\":{\"@type\":\"PropertyValueSpecification\",\"valueRequired\":true,\"valueName\":\"search_term_string\"}}],\"inLanguage\":\"en-US\"},{\"@type\":\"Organization\",\"@id\":\"https:\/\/www.gruen-gmbh.de\/en\/#organization\",\"name\":\"Gr\u00fcn GmbH\",\"url\":\"https:\/\/www.gruen-gmbh.de\/en\/\",\"logo\":{\"@type\":\"ImageObject\",\"inLanguage\":\"en-US\",\"@id\":\"https:\/\/www.gruen-gmbh.de\/en\/#\/schema\/logo\/image\/\",\"url\":\"https:\/\/www.gruen-gmbh.de\/wp-content\/uploads\/2024\/07\/gruen-logo.webp\",\"contentUrl\":\"https:\/\/www.gruen-gmbh.de\/wp-content\/uploads\/2024\/07\/gruen-logo.webp\",\"width\":672,\"height\":164,\"caption\":\"Gr\u00fcn GmbH\"},\"image\":{\"@id\":\"https:\/\/www.gruen-gmbh.de\/en\/#\/schema\/logo\/image\/\"}},{\"@type\":\"Person\",\"@id\":\"https:\/\/www.gruen-gmbh.de\/en\/#\/schema\/person\/81c32ab546dc94b830590c65741e83be\",\"name\":\"admin\",\"sameAs\":[\"https:\/\/gruen-gmbh.de\"],\"url\":\"https:\/\/www.gruen-gmbh.de\/en\/author\/admin\/\"}]}<\/script>\n<!-- \/ Yoast SEO plugin. -->","yoast_head_json":{"title":"Besuch des B\u00fcrgermeisters - Gr\u00fcn GmbH","robots":{"index":"index","follow":"follow","max-snippet":"max-snippet:-1","max-image-preview":"max-image-preview:large","max-video-preview":"max-video-preview:-1"},"canonical":"https:\/\/www.gruen-gmbh.de\/en\/besuch-des-buergermeisters\/","og_locale":"en_US","og_type":"article","og_title":"Besuch des B\u00fcrgermeisters - Gr\u00fcn GmbH","og_description":"Am 23.06.2022 besuchten uns der B\u00fcrgermeister der Gemeinde Wilnsdorf, Hannes Gieseler, und Stefanie Wiegel aus dem Referat Wirtschaftsf\u00f6rderung, Tourismus und Standortmarketing. Es kam zu einem interessanten Austausch \u00fcber aktuelle Projekte, Chancen und Herausforderungen auf beiden Seiten, aus dem wir viele Impulse mitnehmen. Einmal mehr waren unsere G\u00e4ste nach der Unternehmenspr\u00e4sentation und einem Betriebsrundgang \u00fcberrascht, wie [&hellip;]","og_url":"https:\/\/www.gruen-gmbh.de\/en\/besuch-des-buergermeisters\/","og_site_name":"Gr\u00fcn GmbH","article_published_time":"2022-06-24T06:21:42+00:00","og_image":[{"width":1000,"height":750,"url":"https:\/\/www.gruen-gmbh.de\/wp-content\/uploads\/2022\/06\/02_web.jpg","type":"image\/jpeg"}],"author":"admin","twitter_card":"summary_large_image","twitter_misc":{"Written by":"admin","Est. reading time":"1 minute"},"schema":{"@context":"https:\/\/schema.org","@graph":[{"@type":"Article","@id":"https:\/\/www.gruen-gmbh.de\/besuch-des-buergermeisters\/#article","isPartOf":{"@id":"https:\/\/www.gruen-gmbh.de\/besuch-des-buergermeisters\/"},"author":{"name":"admin","@id":"https:\/\/www.gruen-gmbh.de\/en\/#\/schema\/person\/81c32ab546dc94b830590c65741e83be"},"headline":"Besuch des B\u00fcrgermeisters","datePublished":"2022-06-24T06:21:42+00:00","mainEntityOfPage":{"@id":"https:\/\/www.gruen-gmbh.de\/besuch-des-buergermeisters\/"},"wordCount":93,"publisher":{"@id":"https:\/\/www.gruen-gmbh.de\/en\/#organization"},"image":{"@id":"https:\/\/www.gruen-gmbh.de\/besuch-des-buergermeisters\/#primaryimage"},"thumbnailUrl":"https:\/\/www.gruen-gmbh.de\/wp-content\/uploads\/2022\/06\/02_web.jpg","articleSection":["Allgemein"],"inLanguage":"en-US"},{"@type":"WebPage","@id":"https:\/\/www.gruen-gmbh.de\/besuch-des-buergermeisters\/","url":"https:\/\/www.gruen-gmbh.de\/besuch-des-buergermeisters\/","name":"Besuch des B\u00fcrgermeisters - Gr\u00fcn GmbH","isPartOf":{"@id":"https:\/\/www.gruen-gmbh.de\/en\/#website"},"primaryImageOfPage":{"@id":"https:\/\/www.gruen-gmbh.de\/besuch-des-buergermeisters\/#primaryimage"},"image":{"@id":"https:\/\/www.gruen-gmbh.de\/besuch-des-buergermeisters\/#primaryimage"},"thumbnailUrl":"https:\/\/www.gruen-gmbh.de\/wp-content\/uploads\/2022\/06\/02_web.jpg","datePublished":"2022-06-24T06:21:42+00:00","breadcrumb":{"@id":"https:\/\/www.gruen-gmbh.de\/besuch-des-buergermeisters\/#breadcrumb"},"inLanguage":"en-US","potentialAction":[{"@type":"ReadAction","target":["https:\/\/www.gruen-gmbh.de\/besuch-des-buergermeisters\/"]}]},{"@type":"ImageObject","inLanguage":"en-US","@id":"https:\/\/www.gruen-gmbh.de\/besuch-des-buergermeisters\/#primaryimage","url":"https:\/\/www.gruen-gmbh.de\/wp-content\/uploads\/2022\/06\/02_web.jpg","contentUrl":"https:\/\/www.gruen-gmbh.de\/wp-content\/uploads\/2022\/06\/02_web.jpg","width":1000,"height":750},{"@type":"BreadcrumbList","@id":"https:\/\/www.gruen-gmbh.de\/besuch-des-buergermeisters\/#breadcrumb","itemListElement":[{"@type":"ListItem","position":1,"name":"Startseite","item":"https:\/\/www.gruen-gmbh.de\/"},{"@type":"ListItem","position":2,"name":"Besuch des B\u00fcrgermeisters"}]},{"@type":"WebSite","@id":"https:\/\/www.gruen-gmbh.de\/en\/#website","url":"https:\/\/www.gruen-gmbh.de\/en\/","name":"Gr\u00fcn GmbH","description":"","publisher":{"@id":"https:\/\/www.gruen-gmbh.de\/en\/#organization"},"potentialAction":[{"@type":"SearchAction","target":{"@type":"EntryPoint","urlTemplate":"https:\/\/www.gruen-gmbh.de\/en\/?s={search_term_string}"},"query-input":{"@type":"PropertyValueSpecification","valueRequired":true,"valueName":"search_term_string"}}],"inLanguage":"en-US"},{"@type":"Organization","@id":"https:\/\/www.gruen-gmbh.de\/en\/#organization","name":"Gr\u00fcn GmbH","url":"https:\/\/www.gruen-gmbh.de\/en\/","logo":{"@type":"ImageObject","inLanguage":"en-US","@id":"https:\/\/www.gruen-gmbh.de\/en\/#\/schema\/logo\/image\/","url":"https:\/\/www.gruen-gmbh.de\/wp-content\/uploads\/2024\/07\/gruen-logo.webp","contentUrl":"https:\/\/www.gruen-gmbh.de\/wp-content\/uploads\/2024\/07\/gruen-logo.webp","width":672,"height":164,"caption":"Gr\u00fcn GmbH"},"image":{"@id":"https:\/\/www.gruen-gmbh.de\/en\/#\/schema\/logo\/image\/"}},{"@type":"Person","@id":"https:\/\/www.gruen-gmbh.de\/en\/#\/schema\/person\/81c32ab546dc94b830590c65741e83be","name":"admin","sameAs":["https:\/\/gruen-gmbh.de"],"url":"https:\/\/www.gruen-gmbh.de\/en\/author\/admin\/"}]}},"_links":{"self":[{"href":"https:\/\/www.gruen-gmbh.de\/en\/wp-json\/wp\/v2\/posts\/34492","targetHints":{"allow":["GET"]}}],"collection":[{"href":"https:\/\/www.gruen-gmbh.de\/en\/wp-json\/wp\/v2\/posts"}],"about":[{"href":"https:\/\/www.gruen-gmbh.de\/en\/wp-json\/wp\/v2\/types\/post"}],"author":[{"embeddable":true,"href":"https:\/\/www.gruen-gmbh.de\/en\/wp-json\/wp\/v2\/users\/1"}],"replies":[{"embeddable":true,"href":"https:\/\/www.gruen-gmbh.de\/en\/wp-json\/wp\/v2\/comments?post=34492"}],"version-history":[{"count":0,"href":"https:\/\/www.gruen-gmbh.de\/en\/wp-json\/wp\/v2\/posts\/34492\/revisions"}],"wp:featuredmedia":[{"embeddable":true,"href":"https:\/\/www.gruen-gmbh.de\/en\/wp-json\/wp\/v2\/media\/34491"}],"wp:attachment":[{"href":"https:\/\/www.gruen-gmbh.de\/en\/wp-json\/wp\/v2\/media?parent=34492"}],"wp:term":[{"taxonomy":"category","embeddable":true,"href":"https:\/\/www.gruen-gmbh.de\/en\/wp-json\/wp\/v2\/categories?post=34492"},{"taxonomy":"post_tag","embeddable":true,"href":"https:\/\/www.gruen-gmbh.de\/en\/wp-json\/wp\/v2\/tags?post=34492"}],"curies":[{"name":"wp","href":"https:\/\/api.w.org\/{rel}","templated":true}]}}