{"id":34496,"date":"2022-06-30T12:30:24","date_gmt":"2022-06-30T10:30:24","guid":{"rendered":"https:\/\/gruen-gmbh.de\/?p=34496"},"modified":"2022-06-30T12:30:24","modified_gmt":"2022-06-30T10:30:24","slug":"gruen-verabschiedet-ulrike-nies-in-den-ruhestand","status":"publish","type":"post","link":"https:\/\/www.gruen-gmbh.de\/en\/gruen-verabschiedet-ulrike-nies-in-den-ruhestand\/","title":{"rendered":"GR\u00dcN verabschiedet Ulrike Nies in den Ruhestand"},"content":{"rendered":"<p>Nun ist es leider soweit. Am 30.06.2022 hat Ulrike Nies nach \u00fcber 41-j\u00e4hriger T\u00e4tigkeit in der GR\u00dcN-Gruppe ihren letzten Arbeitstag. Zum 01.08.2022 begeht Sie den wohlverdienten Ruhestand und f\u00fcr uns beginnt mehr oder weniger ein neues Zeitalter.<\/p>\n<p>Gesellschafterfamilie, Gesch\u00e4ftsf\u00fchrung, Belegschaft und Betriebsrat sind Frau Nies unendlich dankbar f\u00fcr ihre langj\u00e4hrige Treue zur Firma und ihre immer sehr gute und zuverl\u00e4ssige Arbeit. Flei\u00df, Korrektheit, Bescheidenheit, Fairness und ein offenes Ohr f\u00fcr jeden zeichnen Frau Nies aus. Passend dazu, muss man schon beinahe sagen, hat sie sich erbeten, um ihren Abschied kein Aufheben zu machen.<\/p>\n<p>F\u00fcr den neuen Lebensabschnitt als Rentnerin w\u00fcnschen wir Frau Nies von Herzen alles Gute, Gottes Segen, Gl\u00fcck, Zufriedenheit und Gesundheit! Bei der n\u00e4chsten Firmenfeier sehen wir uns wieder\u2026<\/p>","protected":false},"excerpt":{"rendered":"<p>Nun ist es leider soweit. Am 30.06.2022 hat Ulrike Nies nach \u00fcber 41-j\u00e4hriger T\u00e4tigkeit in der GR\u00dcN-Gruppe ihren letzten Arbeitstag. Zum 01.08.2022 begeht Sie den wohlverdienten Ruhestand und f\u00fcr uns beginnt mehr oder weniger ein neues Zeitalter. Gesellschafterfamilie, Gesch\u00e4ftsf\u00fchrung, Belegschaft und Betriebsrat sind Frau Nies unendlich dankbar f\u00fcr ihre langj\u00e4hrige Treue zur Firma und ihre [&hellip;]<\/p>","protected":false},"author":1,"featured_media":34495,"comment_status":"closed","ping_status":"closed","sticky":false,"template":"","format":"standard","meta":{"footnotes":""},"categories":[155],"tags":[],"class_list":["post-34496","post","type-post","status-publish","format-standard","has-post-thumbnail","hentry","category-allgemein"],"yoast_head":"<!-- This site is optimized with the Yoast SEO plugin v26.3 - https:\/\/yoast.com\/wordpress\/plugins\/seo\/ -->\n<title>GR\u00dcN verabschiedet Ulrike Nies in den Ruhestand - Gr\u00fcn GmbH<\/title>\n<meta name=\"robots\" content=\"index, follow, max-snippet:-1, max-image-preview:large, max-video-preview:-1\" \/>\n<link rel=\"canonical\" href=\"https:\/\/www.gruen-gmbh.de\/en\/gruen-verabschiedet-ulrike-nies-in-den-ruhestand\/\" \/>\n<meta property=\"og:locale\" content=\"en_US\" \/>\n<meta property=\"og:type\" content=\"article\" \/>\n<meta property=\"og:title\" content=\"GR\u00dcN verabschiedet Ulrike Nies in den Ruhestand - Gr\u00fcn GmbH\" \/>\n<meta property=\"og:description\" content=\"Nun ist es leider soweit. Am 30.06.2022 hat Ulrike Nies nach \u00fcber 41-j\u00e4hriger T\u00e4tigkeit in der GR\u00dcN-Gruppe ihren letzten Arbeitstag. Zum 01.08.2022 begeht Sie den wohlverdienten Ruhestand und f\u00fcr uns beginnt mehr oder weniger ein neues Zeitalter. Gesellschafterfamilie, Gesch\u00e4ftsf\u00fchrung, Belegschaft und Betriebsrat sind Frau Nies unendlich dankbar f\u00fcr ihre langj\u00e4hrige Treue zur Firma und ihre [&hellip;]\" \/>\n<meta property=\"og:url\" content=\"https:\/\/www.gruen-gmbh.de\/en\/gruen-verabschiedet-ulrike-nies-in-den-ruhestand\/\" \/>\n<meta property=\"og:site_name\" content=\"Gr\u00fcn GmbH\" \/>\n<meta property=\"article:published_time\" content=\"2022-06-30T10:30:24+00:00\" \/>\n<meta property=\"og:image\" content=\"https:\/\/www.gruen-gmbh.de\/wp-content\/uploads\/2022\/06\/DSC_0017_bea.jpg\" \/>\n\t<meta property=\"og:image:width\" content=\"1500\" \/>\n\t<meta property=\"og:image:height\" content=\"1063\" \/>\n\t<meta property=\"og:image:type\" content=\"image\/jpeg\" \/>\n<meta name=\"author\" content=\"admin\" \/>\n<meta name=\"twitter:card\" content=\"summary_large_image\" \/>\n<meta name=\"twitter:label1\" content=\"Written by\" \/>\n\t<meta name=\"twitter:data1\" content=\"admin\" \/>\n\t<meta name=\"twitter:label2\" content=\"Est. reading time\" \/>\n\t<meta name=\"twitter:data2\" content=\"1 minute\" \/>\n<script type=\"application\/ld+json\" class=\"yoast-schema-graph\">{\"@context\":\"https:\/\/schema.org\",\"@graph\":[{\"@type\":\"Article\",\"@id\":\"https:\/\/www.gruen-gmbh.de\/gruen-verabschiedet-ulrike-nies-in-den-ruhestand\/#article\",\"isPartOf\":{\"@id\":\"https:\/\/www.gruen-gmbh.de\/gruen-verabschiedet-ulrike-nies-in-den-ruhestand\/\"},\"author\":{\"name\":\"admin\",\"@id\":\"https:\/\/www.gruen-gmbh.de\/en\/#\/schema\/person\/81c32ab546dc94b830590c65741e83be\"},\"headline\":\"GR\u00dcN verabschiedet Ulrike Nies in den Ruhestand\",\"datePublished\":\"2022-06-30T10:30:24+00:00\",\"mainEntityOfPage\":{\"@id\":\"https:\/\/www.gruen-gmbh.de\/gruen-verabschiedet-ulrike-nies-in-den-ruhestand\/\"},\"wordCount\":141,\"publisher\":{\"@id\":\"https:\/\/www.gruen-gmbh.de\/en\/#organization\"},\"image\":{\"@id\":\"https:\/\/www.gruen-gmbh.de\/gruen-verabschiedet-ulrike-nies-in-den-ruhestand\/#primaryimage\"},\"thumbnailUrl\":\"https:\/\/www.gruen-gmbh.de\/wp-content\/uploads\/2022\/06\/DSC_0017_bea.jpg\",\"articleSection\":[\"Allgemein\"],\"inLanguage\":\"en-US\"},{\"@type\":\"WebPage\",\"@id\":\"https:\/\/www.gruen-gmbh.de\/gruen-verabschiedet-ulrike-nies-in-den-ruhestand\/\",\"url\":\"https:\/\/www.gruen-gmbh.de\/gruen-verabschiedet-ulrike-nies-in-den-ruhestand\/\",\"name\":\"GR\u00dcN verabschiedet Ulrike Nies in den Ruhestand - Gr\u00fcn GmbH\",\"isPartOf\":{\"@id\":\"https:\/\/www.gruen-gmbh.de\/en\/#website\"},\"primaryImageOfPage\":{\"@id\":\"https:\/\/www.gruen-gmbh.de\/gruen-verabschiedet-ulrike-nies-in-den-ruhestand\/#primaryimage\"},\"image\":{\"@id\":\"https:\/\/www.gruen-gmbh.de\/gruen-verabschiedet-ulrike-nies-in-den-ruhestand\/#primaryimage\"},\"thumbnailUrl\":\"https:\/\/www.gruen-gmbh.de\/wp-content\/uploads\/2022\/06\/DSC_0017_bea.jpg\",\"datePublished\":\"2022-06-30T10:30:24+00:00\",\"breadcrumb\":{\"@id\":\"https:\/\/www.gruen-gmbh.de\/gruen-verabschiedet-ulrike-nies-in-den-ruhestand\/#breadcrumb\"},\"inLanguage\":\"en-US\",\"potentialAction\":[{\"@type\":\"ReadAction\",\"target\":[\"https:\/\/www.gruen-gmbh.de\/gruen-verabschiedet-ulrike-nies-in-den-ruhestand\/\"]}]},{\"@type\":\"ImageObject\",\"inLanguage\":\"en-US\",\"@id\":\"https:\/\/www.gruen-gmbh.de\/gruen-verabschiedet-ulrike-nies-in-den-ruhestand\/#primaryimage\",\"url\":\"https:\/\/www.gruen-gmbh.de\/wp-content\/uploads\/2022\/06\/DSC_0017_bea.jpg\",\"contentUrl\":\"https:\/\/www.gruen-gmbh.de\/wp-content\/uploads\/2022\/06\/DSC_0017_bea.jpg\",\"width\":1500,\"height\":1063},{\"@type\":\"BreadcrumbList\",\"@id\":\"https:\/\/www.gruen-gmbh.de\/gruen-verabschiedet-ulrike-nies-in-den-ruhestand\/#breadcrumb\",\"itemListElement\":[{\"@type\":\"ListItem\",\"position\":1,\"name\":\"Startseite\",\"item\":\"https:\/\/www.gruen-gmbh.de\/\"},{\"@type\":\"ListItem\",\"position\":2,\"name\":\"GR\u00dcN verabschiedet Ulrike Nies in den Ruhestand\"}]},{\"@type\":\"WebSite\",\"@id\":\"https:\/\/www.gruen-gmbh.de\/en\/#website\",\"url\":\"https:\/\/www.gruen-gmbh.de\/en\/\",\"name\":\"Gr\u00fcn GmbH\",\"description\":\"\",\"publisher\":{\"@id\":\"https:\/\/www.gruen-gmbh.de\/en\/#organization\"},\"potentialAction\":[{\"@type\":\"SearchAction\",\"target\":{\"@type\":\"EntryPoint\",\"urlTemplate\":\"https:\/\/www.gruen-gmbh.de\/en\/?s={search_term_string}\"},\"query-input\":{\"@type\":\"PropertyValueSpecification\",\"valueRequired\":true,\"valueName\":\"search_term_string\"}}],\"inLanguage\":\"en-US\"},{\"@type\":\"Organization\",\"@id\":\"https:\/\/www.gruen-gmbh.de\/en\/#organization\",\"name\":\"Gr\u00fcn GmbH\",\"url\":\"https:\/\/www.gruen-gmbh.de\/en\/\",\"logo\":{\"@type\":\"ImageObject\",\"inLanguage\":\"en-US\",\"@id\":\"https:\/\/www.gruen-gmbh.de\/en\/#\/schema\/logo\/image\/\",\"url\":\"https:\/\/www.gruen-gmbh.de\/wp-content\/uploads\/2024\/07\/gruen-logo.webp\",\"contentUrl\":\"https:\/\/www.gruen-gmbh.de\/wp-content\/uploads\/2024\/07\/gruen-logo.webp\",\"width\":672,\"height\":164,\"caption\":\"Gr\u00fcn GmbH\"},\"image\":{\"@id\":\"https:\/\/www.gruen-gmbh.de\/en\/#\/schema\/logo\/image\/\"}},{\"@type\":\"Person\",\"@id\":\"https:\/\/www.gruen-gmbh.de\/en\/#\/schema\/person\/81c32ab546dc94b830590c65741e83be\",\"name\":\"admin\",\"sameAs\":[\"https:\/\/gruen-gmbh.de\"],\"url\":\"https:\/\/www.gruen-gmbh.de\/en\/author\/admin\/\"}]}<\/script>\n<!-- \/ Yoast SEO plugin. -->","yoast_head_json":{"title":"GR\u00dcN verabschiedet Ulrike Nies in den Ruhestand - Gr\u00fcn GmbH","robots":{"index":"index","follow":"follow","max-snippet":"max-snippet:-1","max-image-preview":"max-image-preview:large","max-video-preview":"max-video-preview:-1"},"canonical":"https:\/\/www.gruen-gmbh.de\/en\/gruen-verabschiedet-ulrike-nies-in-den-ruhestand\/","og_locale":"en_US","og_type":"article","og_title":"GR\u00dcN verabschiedet Ulrike Nies in den Ruhestand - Gr\u00fcn GmbH","og_description":"Nun ist es leider soweit. Am 30.06.2022 hat Ulrike Nies nach \u00fcber 41-j\u00e4hriger T\u00e4tigkeit in der GR\u00dcN-Gruppe ihren letzten Arbeitstag. Zum 01.08.2022 begeht Sie den wohlverdienten Ruhestand und f\u00fcr uns beginnt mehr oder weniger ein neues Zeitalter. Gesellschafterfamilie, Gesch\u00e4ftsf\u00fchrung, Belegschaft und Betriebsrat sind Frau Nies unendlich dankbar f\u00fcr ihre langj\u00e4hrige Treue zur Firma und ihre [&hellip;]","og_url":"https:\/\/www.gruen-gmbh.de\/en\/gruen-verabschiedet-ulrike-nies-in-den-ruhestand\/","og_site_name":"Gr\u00fcn GmbH","article_published_time":"2022-06-30T10:30:24+00:00","og_image":[{"width":1500,"height":1063,"url":"https:\/\/www.gruen-gmbh.de\/wp-content\/uploads\/2022\/06\/DSC_0017_bea.jpg","type":"image\/jpeg"}],"author":"admin","twitter_card":"summary_large_image","twitter_misc":{"Written by":"admin","Est. reading time":"1 minute"},"schema":{"@context":"https:\/\/schema.org","@graph":[{"@type":"Article","@id":"https:\/\/www.gruen-gmbh.de\/gruen-verabschiedet-ulrike-nies-in-den-ruhestand\/#article","isPartOf":{"@id":"https:\/\/www.gruen-gmbh.de\/gruen-verabschiedet-ulrike-nies-in-den-ruhestand\/"},"author":{"name":"admin","@id":"https:\/\/www.gruen-gmbh.de\/en\/#\/schema\/person\/81c32ab546dc94b830590c65741e83be"},"headline":"GR\u00dcN verabschiedet Ulrike Nies in den Ruhestand","datePublished":"2022-06-30T10:30:24+00:00","mainEntityOfPage":{"@id":"https:\/\/www.gruen-gmbh.de\/gruen-verabschiedet-ulrike-nies-in-den-ruhestand\/"},"wordCount":141,"publisher":{"@id":"https:\/\/www.gruen-gmbh.de\/en\/#organization"},"image":{"@id":"https:\/\/www.gruen-gmbh.de\/gruen-verabschiedet-ulrike-nies-in-den-ruhestand\/#primaryimage"},"thumbnailUrl":"https:\/\/www.gruen-gmbh.de\/wp-content\/uploads\/2022\/06\/DSC_0017_bea.jpg","articleSection":["Allgemein"],"inLanguage":"en-US"},{"@type":"WebPage","@id":"https:\/\/www.gruen-gmbh.de\/gruen-verabschiedet-ulrike-nies-in-den-ruhestand\/","url":"https:\/\/www.gruen-gmbh.de\/gruen-verabschiedet-ulrike-nies-in-den-ruhestand\/","name":"GR\u00dcN verabschiedet Ulrike Nies in den Ruhestand - Gr\u00fcn GmbH","isPartOf":{"@id":"https:\/\/www.gruen-gmbh.de\/en\/#website"},"primaryImageOfPage":{"@id":"https:\/\/www.gruen-gmbh.de\/gruen-verabschiedet-ulrike-nies-in-den-ruhestand\/#primaryimage"},"image":{"@id":"https:\/\/www.gruen-gmbh.de\/gruen-verabschiedet-ulrike-nies-in-den-ruhestand\/#primaryimage"},"thumbnailUrl":"https:\/\/www.gruen-gmbh.de\/wp-content\/uploads\/2022\/06\/DSC_0017_bea.jpg","datePublished":"2022-06-30T10:30:24+00:00","breadcrumb":{"@id":"https:\/\/www.gruen-gmbh.de\/gruen-verabschiedet-ulrike-nies-in-den-ruhestand\/#breadcrumb"},"inLanguage":"en-US","potentialAction":[{"@type":"ReadAction","target":["https:\/\/www.gruen-gmbh.de\/gruen-verabschiedet-ulrike-nies-in-den-ruhestand\/"]}]},{"@type":"ImageObject","inLanguage":"en-US","@id":"https:\/\/www.gruen-gmbh.de\/gruen-verabschiedet-ulrike-nies-in-den-ruhestand\/#primaryimage","url":"https:\/\/www.gruen-gmbh.de\/wp-content\/uploads\/2022\/06\/DSC_0017_bea.jpg","contentUrl":"https:\/\/www.gruen-gmbh.de\/wp-content\/uploads\/2022\/06\/DSC_0017_bea.jpg","width":1500,"height":1063},{"@type":"BreadcrumbList","@id":"https:\/\/www.gruen-gmbh.de\/gruen-verabschiedet-ulrike-nies-in-den-ruhestand\/#breadcrumb","itemListElement":[{"@type":"ListItem","position":1,"name":"Startseite","item":"https:\/\/www.gruen-gmbh.de\/"},{"@type":"ListItem","position":2,"name":"GR\u00dcN verabschiedet Ulrike Nies in den Ruhestand"}]},{"@type":"WebSite","@id":"https:\/\/www.gruen-gmbh.de\/en\/#website","url":"https:\/\/www.gruen-gmbh.de\/en\/","name":"Gr\u00fcn GmbH","description":"","publisher":{"@id":"https:\/\/www.gruen-gmbh.de\/en\/#organization"},"potentialAction":[{"@type":"SearchAction","target":{"@type":"EntryPoint","urlTemplate":"https:\/\/www.gruen-gmbh.de\/en\/?s={search_term_string}"},"query-input":{"@type":"PropertyValueSpecification","valueRequired":true,"valueName":"search_term_string"}}],"inLanguage":"en-US"},{"@type":"Organization","@id":"https:\/\/www.gruen-gmbh.de\/en\/#organization","name":"Gr\u00fcn GmbH","url":"https:\/\/www.gruen-gmbh.de\/en\/","logo":{"@type":"ImageObject","inLanguage":"en-US","@id":"https:\/\/www.gruen-gmbh.de\/en\/#\/schema\/logo\/image\/","url":"https:\/\/www.gruen-gmbh.de\/wp-content\/uploads\/2024\/07\/gruen-logo.webp","contentUrl":"https:\/\/www.gruen-gmbh.de\/wp-content\/uploads\/2024\/07\/gruen-logo.webp","width":672,"height":164,"caption":"Gr\u00fcn GmbH"},"image":{"@id":"https:\/\/www.gruen-gmbh.de\/en\/#\/schema\/logo\/image\/"}},{"@type":"Person","@id":"https:\/\/www.gruen-gmbh.de\/en\/#\/schema\/person\/81c32ab546dc94b830590c65741e83be","name":"admin","sameAs":["https:\/\/gruen-gmbh.de"],"url":"https:\/\/www.gruen-gmbh.de\/en\/author\/admin\/"}]}},"_links":{"self":[{"href":"https:\/\/www.gruen-gmbh.de\/en\/wp-json\/wp\/v2\/posts\/34496","targetHints":{"allow":["GET"]}}],"collection":[{"href":"https:\/\/www.gruen-gmbh.de\/en\/wp-json\/wp\/v2\/posts"}],"about":[{"href":"https:\/\/www.gruen-gmbh.de\/en\/wp-json\/wp\/v2\/types\/post"}],"author":[{"embeddable":true,"href":"https:\/\/www.gruen-gmbh.de\/en\/wp-json\/wp\/v2\/users\/1"}],"replies":[{"embeddable":true,"href":"https:\/\/www.gruen-gmbh.de\/en\/wp-json\/wp\/v2\/comments?post=34496"}],"version-history":[{"count":0,"href":"https:\/\/www.gruen-gmbh.de\/en\/wp-json\/wp\/v2\/posts\/34496\/revisions"}],"wp:featuredmedia":[{"embeddable":true,"href":"https:\/\/www.gruen-gmbh.de\/en\/wp-json\/wp\/v2\/media\/34495"}],"wp:attachment":[{"href":"https:\/\/www.gruen-gmbh.de\/en\/wp-json\/wp\/v2\/media?parent=34496"}],"wp:term":[{"taxonomy":"category","embeddable":true,"href":"https:\/\/www.gruen-gmbh.de\/en\/wp-json\/wp\/v2\/categories?post=34496"},{"taxonomy":"post_tag","embeddable":true,"href":"https:\/\/www.gruen-gmbh.de\/en\/wp-json\/wp\/v2\/tags?post=34496"}],"curies":[{"name":"wp","href":"https:\/\/api.w.org\/{rel}","templated":true}]}}